{"id":112,"date":"2018-05-30T12:47:21","date_gmt":"2018-05-30T12:47:21","guid":{"rendered":"http:\/\/creena.educacion.navarra.es\/web\/bvirtual\/?p=112"},"modified":"2018-06-04T08:49:13","modified_gmt":"2018-06-04T08:49:13","slug":"el-valor-de-ser-superdotado","status":"publish","type":"post","link":"https:\/\/creena.educacion.navarra.es\/web\/bvirtual\/2018\/05\/30\/el-valor-de-ser-superdotado\/","title":{"rendered":"El valor de ser superdotado"},"content":{"rendered":"<p><img loading=\"lazy\" class=\"size-medium wp-image-114 alignleft\" src=\"http:\/\/creena.educacion.navarra.es\/web\/bvirtual\/wp-content\/uploads\/sites\/6\/2018\/05\/elvalordeser-213x300.png\" alt=\"\" width=\"213\" height=\"300\" srcset=\"https:\/\/creena.educacion.navarra.es\/web\/bvirtual\/wp-content\/uploads\/sites\/6\/2018\/05\/elvalordeser-213x300.png 213w, https:\/\/creena.educacion.navarra.es\/web\/bvirtual\/wp-content\/uploads\/sites\/6\/2018\/05\/elvalordeser.png 615w\" sizes=\"(max-width: 213px) 100vw, 213px\" \/>Autor: <strong>Erika Landau<\/strong><br \/>\nEdita: <strong>Ministerio de Educaci\u00f3n, Cultura y Deporte<\/strong><br \/>\nA\u00f1o: <strong>2003<\/strong><\/p>\n<p><!--more--><\/p>\n<p><em>Este libro est\u00e1 destinado a los superdotados y a los que los rodean para darles fuerzas, de forma que tengan el valor de llevar a la pr\u00e1ctica sus capacidades, y al mismo tiempo, para poder evitar la soledad de nuestra peque\u00f1a pianista. Padres y\u00a0profesores, que en gran medida crean el ambiente en que se mueven los j\u00f3venes superdotados,\u00a0pueden ver en este libro lo importante que es su participaci\u00f3n en el desarrollo de las capacidades de sus hijos y alumnos.<\/em><\/p>\n<p><a href=\"https:\/\/drive.google.com\/open?id=1M7c0euAH-Z701_TzAYlTjbNkeE5ye4Ax\" target=\"_blank\" rel=\"noopener\">DESCARGA<\/a><\/p>\n","protected":false},"excerpt":{"rendered":"<p>Autor: Erika Landau Edita: Ministerio de Educaci\u00f3n, Cultura y Deporte A\u00f1o: 2003<\/p>\n","protected":false},"author":1,"featured_media":0,"comment_status":"closed","ping_status":"closed","sticky":false,"template":"","format":"standard","meta":[],"categories":[4],"tags":[],"_links":{"self":[{"href":"https:\/\/creena.educacion.navarra.es\/web\/bvirtual\/wp-json\/wp\/v2\/posts\/112"}],"collection":[{"href":"https:\/\/creena.educacion.navarra.es\/web\/bvirtual\/wp-json\/wp\/v2\/posts"}],"about":[{"href":"https:\/\/creena.educacion.navarra.es\/web\/bvirtual\/wp-json\/wp\/v2\/types\/post"}],"author":[{"embeddable":true,"href":"https:\/\/creena.educacion.navarra.es\/web\/bvirtual\/wp-json\/wp\/v2\/users\/1"}],"replies":[{"embeddable":true,"href":"https:\/\/creena.educacion.navarra.es\/web\/bvirtual\/wp-json\/wp\/v2\/comments?post=112"}],"version-history":[{"count":6,"href":"https:\/\/creena.educacion.navarra.es\/web\/bvirtual\/wp-json\/wp\/v2\/posts\/112\/revisions"}],"predecessor-version":[{"id":290,"href":"https:\/\/creena.educacion.navarra.es\/web\/bvirtual\/wp-json\/wp\/v2\/posts\/112\/revisions\/290"}],"wp:attachment":[{"href":"https:\/\/creena.educacion.navarra.es\/web\/bvirtual\/wp-json\/wp\/v2\/media?parent=112"}],"wp:term":[{"taxonomy":"category","embeddable":true,"href":"https:\/\/creena.educacion.navarra.es\/web\/bvirtual\/wp-json\/wp\/v2\/categories?post=112"},{"taxonomy":"post_tag","embeddable":true,"href":"https:\/\/creena.educacion.navarra.es\/web\/bvirtual\/wp-json\/wp\/v2\/tags?post=112"}],"curies":[{"name":"wp","href":"https:\/\/api.w.org\/{rel}","templated":true}]}}