{"id":1121,"date":"2019-01-16T13:25:29","date_gmt":"2019-01-16T13:25:29","guid":{"rendered":"http:\/\/creena.educacion.navarra.es\/web\/bvirtual\/?p=1121"},"modified":"2019-01-16T13:25:29","modified_gmt":"2019-01-16T13:25:29","slug":"un-nuevo-mundo-para-tin","status":"publish","type":"post","link":"https:\/\/creena.educacion.navarra.es\/web\/bvirtual\/2019\/01\/16\/un-nuevo-mundo-para-tin\/","title":{"rendered":"Un nuevo mundo para Tin"},"content":{"rendered":"<p><a href=\"http:\/\/creena.educacion.navarra.es\/web\/bvirtual\/wp-content\/uploads\/sites\/6\/2019\/01\/junior.png\"><img loading=\"lazy\" class=\"alignleft wp-image-1122\" src=\"http:\/\/creena.educacion.navarra.es\/web\/bvirtual\/wp-content\/uploads\/sites\/6\/2019\/01\/junior-209x300.png\" alt=\"\" width=\"120\" height=\"172\" srcset=\"https:\/\/creena.educacion.navarra.es\/web\/bvirtual\/wp-content\/uploads\/sites\/6\/2019\/01\/junior-209x300.png 209w, https:\/\/creena.educacion.navarra.es\/web\/bvirtual\/wp-content\/uploads\/sites\/6\/2019\/01\/junior.png 419w\" sizes=\"(max-width: 120px) 100vw, 120px\" \/><\/a>Autor\u00eda: <strong>GAES Junior<\/strong><br \/>\nEdita: <strong>GAES<\/strong><br \/>\nA\u00f1o:<\/p>\n<p><!--more--><\/p>\n<p>De la mano de Tin descubrimos c\u00f3mo transcurre el d\u00eda a d\u00eda de\u00a0un ni\u00f1o o una ni\u00f1a con p\u00e9rdida auditiva y c\u00f3mo le afecta en su aprendizaje y en su relaci\u00f3n con los dem\u00e1s.<br \/>\nVeremos c\u00f3mo se detecta su p\u00e9rdida auditiva y el proceso para\u00a0abordar la situaci\u00f3n, hasta encontrar la soluci\u00f3n con ayudas auditivas y c\u00f3mo a partir de ese momento, sigue su vida con normalidad con sus aud\u00edfonos.<\/p>\n<p><a href=\"https:\/\/drive.google.com\/open?id=1GPfmRKqeCZgqH2nvXfvzXcMRbxviZJoy\" target=\"_blank\" rel=\"noopener\">DESCARGA<\/a><\/p>\n<p>&nbsp;<\/p>\n","protected":false},"excerpt":{"rendered":"<p>Autor\u00eda: GAES Junior Edita: GAES A\u00f1o:<\/p>\n","protected":false},"author":1,"featured_media":0,"comment_status":"closed","ping_status":"closed","sticky":false,"template":"","format":"standard","meta":[],"categories":[6],"tags":[],"_links":{"self":[{"href":"https:\/\/creena.educacion.navarra.es\/web\/bvirtual\/wp-json\/wp\/v2\/posts\/1121"}],"collection":[{"href":"https:\/\/creena.educacion.navarra.es\/web\/bvirtual\/wp-json\/wp\/v2\/posts"}],"about":[{"href":"https:\/\/creena.educacion.navarra.es\/web\/bvirtual\/wp-json\/wp\/v2\/types\/post"}],"author":[{"embeddable":true,"href":"https:\/\/creena.educacion.navarra.es\/web\/bvirtual\/wp-json\/wp\/v2\/users\/1"}],"replies":[{"embeddable":true,"href":"https:\/\/creena.educacion.navarra.es\/web\/bvirtual\/wp-json\/wp\/v2\/comments?post=1121"}],"version-history":[{"count":1,"href":"https:\/\/creena.educacion.navarra.es\/web\/bvirtual\/wp-json\/wp\/v2\/posts\/1121\/revisions"}],"predecessor-version":[{"id":1123,"href":"https:\/\/creena.educacion.navarra.es\/web\/bvirtual\/wp-json\/wp\/v2\/posts\/1121\/revisions\/1123"}],"wp:attachment":[{"href":"https:\/\/creena.educacion.navarra.es\/web\/bvirtual\/wp-json\/wp\/v2\/media?parent=1121"}],"wp:term":[{"taxonomy":"category","embeddable":true,"href":"https:\/\/creena.educacion.navarra.es\/web\/bvirtual\/wp-json\/wp\/v2\/categories?post=1121"},{"taxonomy":"post_tag","embeddable":true,"href":"https:\/\/creena.educacion.navarra.es\/web\/bvirtual\/wp-json\/wp\/v2\/tags?post=1121"}],"curies":[{"name":"wp","href":"https:\/\/api.w.org\/{rel}","templated":true}]}}