{"id":1132,"date":"2019-01-18T09:06:23","date_gmt":"2019-01-18T09:06:23","guid":{"rendered":"http:\/\/creena.educacion.navarra.es\/web\/bvirtual\/?p=1132"},"modified":"2019-01-18T09:06:23","modified_gmt":"2019-01-18T09:06:23","slug":"la-intervencion-en-atencion-temprana-en-trastornos-del-espectro-autista","status":"publish","type":"post","link":"https:\/\/creena.educacion.navarra.es\/web\/bvirtual\/2019\/01\/18\/la-intervencion-en-atencion-temprana-en-trastornos-del-espectro-autista\/","title":{"rendered":"La intervenci\u00f3n en atenci\u00f3n temprana en trastornos del espectro autista"},"content":{"rendered":"<p><a href=\"http:\/\/creena.educacion.navarra.es\/web\/bvirtual\/wp-content\/uploads\/sites\/6\/2019\/01\/intervenate.png\"><img loading=\"lazy\" class=\"alignleft wp-image-1133\" src=\"http:\/\/creena.educacion.navarra.es\/web\/bvirtual\/wp-content\/uploads\/sites\/6\/2019\/01\/intervenate-213x300.png\" alt=\"\" width=\"120\" height=\"169\" srcset=\"https:\/\/creena.educacion.navarra.es\/web\/bvirtual\/wp-content\/uploads\/sites\/6\/2019\/01\/intervenate-213x300.png 213w, https:\/\/creena.educacion.navarra.es\/web\/bvirtual\/wp-content\/uploads\/sites\/6\/2019\/01\/intervenate.png 381w\" sizes=\"(max-width: 120px) 100vw, 120px\" \/><\/a>Autor\u00eda: <strong>Rosa \u00c1lvarez, Vanesa Franco, Francisco Garc\u00eda, Ana M\u00aa Garc\u00eda, Leticia Giraldo, Sandra Montealegre, Beatriz Mota, Mar\u00eda Mu\u00f1oz, Bel\u00e9n P\u00e9rez, David Salda\u00f1a<br \/>\n<\/strong>Edita: <strong>Federaci\u00f3n Autismo Andaluc\u00eda<br \/>\n<\/strong>A\u00f1o:<\/p>\n<p><!--more--><\/p>\n<p>\u00cdNDICE:<\/p>\n<ul>\n<li>CAPITULO 1: INTRODUCCI\u00d3N<\/li>\n<li>CAPITULO 2 \u00bfC\u00d3MO PIENSAN LAS PERSONAS CON TEA<\/li>\n<li>CAPITULO 3: IDEAS B\u00c1SICAS PARA LA DETECCI\u00d3N Y EL DIAGN\u00d3STICO EN EL TEA<\/li>\n<li>CAPITULO 4: COMUNICACI\u00d3N 1. INTERVENCI\u00d3N EN NI\u00d1OS Y NI\u00d1AS NO VERBALES<\/li>\n<li>CAPITULO 5: COMUNICACI\u00d3N 2. INTERVENCI\u00d3N EN NI\u00d1OS Y NI\u00d1AS VERBALES<\/li>\n<li>CAPITULO 6: INTERVENCI\u00d3N EN CONDUCTA DESDE EL APOYO CONDUCTUAL POSITIVO<\/li>\n<li>CAPITULO 7: EVALUACI\u00d3N E INTERVENCI\u00d3N EN INTERACCI\u00d3N SOCIAL<\/li>\n<li>CAPITULO 8: INTERVENCI\u00d3N EN EL \u00c1REA DE JUEGO<\/li>\n<li>CAPITULO 9: FUNCIONES COGNITIVAS<\/li>\n<li>CAPITULO 10: TRABAJO CON FAMILIAS Y HABILIDADES ADAPTATIVAS<\/li>\n<\/ul>\n<p><a href=\"https:\/\/drive.google.com\/open?id=1MbqBVCTDin4l9ty8cKY8LzM5FADlzorO\" target=\"_blank\" rel=\"noopener\">DESCARGA<\/a><\/p>\n","protected":false},"excerpt":{"rendered":"<p>Autor\u00eda: Rosa \u00c1lvarez, Vanesa Franco, Francisco Garc\u00eda, Ana M\u00aa Garc\u00eda, Leticia Giraldo, Sandra Montealegre, Beatriz Mota, Mar\u00eda Mu\u00f1oz, Bel\u00e9n P\u00e9rez, David Salda\u00f1a Edita: Federaci\u00f3n Autismo Andaluc\u00eda A\u00f1o:<\/p>\n","protected":false},"author":1,"featured_media":0,"comment_status":"closed","ping_status":"closed","sticky":false,"template":"","format":"standard","meta":[],"categories":[5,16],"tags":[],"_links":{"self":[{"href":"https:\/\/creena.educacion.navarra.es\/web\/bvirtual\/wp-json\/wp\/v2\/posts\/1132"}],"collection":[{"href":"https:\/\/creena.educacion.navarra.es\/web\/bvirtual\/wp-json\/wp\/v2\/posts"}],"about":[{"href":"https:\/\/creena.educacion.navarra.es\/web\/bvirtual\/wp-json\/wp\/v2\/types\/post"}],"author":[{"embeddable":true,"href":"https:\/\/creena.educacion.navarra.es\/web\/bvirtual\/wp-json\/wp\/v2\/users\/1"}],"replies":[{"embeddable":true,"href":"https:\/\/creena.educacion.navarra.es\/web\/bvirtual\/wp-json\/wp\/v2\/comments?post=1132"}],"version-history":[{"count":1,"href":"https:\/\/creena.educacion.navarra.es\/web\/bvirtual\/wp-json\/wp\/v2\/posts\/1132\/revisions"}],"predecessor-version":[{"id":1134,"href":"https:\/\/creena.educacion.navarra.es\/web\/bvirtual\/wp-json\/wp\/v2\/posts\/1132\/revisions\/1134"}],"wp:attachment":[{"href":"https:\/\/creena.educacion.navarra.es\/web\/bvirtual\/wp-json\/wp\/v2\/media?parent=1132"}],"wp:term":[{"taxonomy":"category","embeddable":true,"href":"https:\/\/creena.educacion.navarra.es\/web\/bvirtual\/wp-json\/wp\/v2\/categories?post=1132"},{"taxonomy":"post_tag","embeddable":true,"href":"https:\/\/creena.educacion.navarra.es\/web\/bvirtual\/wp-json\/wp\/v2\/tags?post=1132"}],"curies":[{"name":"wp","href":"https:\/\/api.w.org\/{rel}","templated":true}]}}