{"id":1163,"date":"2019-02-12T10:58:11","date_gmt":"2019-02-12T10:58:11","guid":{"rendered":"http:\/\/creena.educacion.navarra.es\/web\/bvirtual\/?p=1163"},"modified":"2019-02-12T12:21:17","modified_gmt":"2019-02-12T12:21:17","slug":"apoyo-conductual-3-como-actuar-ante-la-conducta-problematica","status":"publish","type":"post","link":"https:\/\/creena.educacion.navarra.es\/web\/bvirtual\/2019\/02\/12\/apoyo-conductual-3-como-actuar-ante-la-conducta-problematica\/","title":{"rendered":"Apoyo conductual 3. C\u00f3mo actuar ante la conducta problem\u00e1tica"},"content":{"rendered":"<p><a href=\"http:\/\/creena.educacion.navarra.es\/web\/bvirtual\/wp-content\/uploads\/sites\/6\/2019\/02\/apoyocon3.png\"><img loading=\"lazy\" class=\"alignleft size-medium wp-image-1164\" src=\"http:\/\/creena.educacion.navarra.es\/web\/bvirtual\/wp-content\/uploads\/sites\/6\/2019\/02\/apoyocon3-216x300.png\" alt=\"\" width=\"216\" height=\"300\" srcset=\"https:\/\/creena.educacion.navarra.es\/web\/bvirtual\/wp-content\/uploads\/sites\/6\/2019\/02\/apoyocon3-216x300.png 216w, https:\/\/creena.educacion.navarra.es\/web\/bvirtual\/wp-content\/uploads\/sites\/6\/2019\/02\/apoyocon3.png 605w\" sizes=\"(max-width: 216px) 100vw, 216px\" \/><\/a>Autor\u00eda: <strong>Victoria Mart\u00edn, Ricardo Canal, Carmina Gonz\u00e1lez<\/strong><br>Edita: J<strong>unta de Comunidades de Castilla-La Mancha. Consejer\u00eda de Salud y Bienestar Social. Universidad de Salamanca<\/strong><br>A\u00f1o:<\/p>\n<p><!--more--><\/p>\n\n\n<p>INTRODUCCI\u00d3N<br> QU\u00c9 ES UN PLAN DE APOYO CONDUCTUAL<br> CU\u00c1LES SON LOS COMPONENTES DE LA INTERVENCI\u00d3N<br> Modificaci\u00f3n del contexto<br> Estrategias habituales para modificar el contexto<br> Controlar las consecuencias<br> \u00bfQu\u00e9 utilizaremos como refuerzo de la conducta alternativa? 19 Plan de actuaci\u00f3n en crisis 21<br> Ense\u00f1ar habilidades y conductas alternativas<br> Intervenci\u00f3n en el Estilo de Vida<br> C\u00f3mo evaluar el Estilo de Vida<br> C\u00f3mo mejorar el Estilo de Vida<br> C\u00d3MO PODEMOS ORGANIZAR LAS ESTRATEGIAS<br> SEGUIMIENTO DEL PLAN DE APOYO CONDUCTUAL<br> BIBLIOGRAF\u00cdA<br> RESUMEN<\/p>\n\n\n\n<p><a href=\"https:\/\/drive.google.com\/open?id=16sNJtT6lADf9-0RkU6J4YfHUBxzMLWKU\" target=\"_blank\" rel=\"noreferrer noopener\" aria-label=\"DESCARGA (abre en una nueva pesta\u00f1a)\">DESCARGA<\/a><\/p>\n","protected":false},"excerpt":{"rendered":"<p>Autor\u00eda: Victoria Mart\u00edn, Ricardo Canal, Carmina Gonz\u00e1lezEdita: Junta de Comunidades de Castilla-La Mancha. Consejer\u00eda de Salud y Bienestar Social. Universidad de SalamancaA\u00f1o:<\/p>\n","protected":false},"author":1,"featured_media":0,"comment_status":"closed","ping_status":"closed","sticky":false,"template":"","format":"standard","meta":[],"categories":[7],"tags":[],"_links":{"self":[{"href":"https:\/\/creena.educacion.navarra.es\/web\/bvirtual\/wp-json\/wp\/v2\/posts\/1163"}],"collection":[{"href":"https:\/\/creena.educacion.navarra.es\/web\/bvirtual\/wp-json\/wp\/v2\/posts"}],"about":[{"href":"https:\/\/creena.educacion.navarra.es\/web\/bvirtual\/wp-json\/wp\/v2\/types\/post"}],"author":[{"embeddable":true,"href":"https:\/\/creena.educacion.navarra.es\/web\/bvirtual\/wp-json\/wp\/v2\/users\/1"}],"replies":[{"embeddable":true,"href":"https:\/\/creena.educacion.navarra.es\/web\/bvirtual\/wp-json\/wp\/v2\/comments?post=1163"}],"version-history":[{"count":5,"href":"https:\/\/creena.educacion.navarra.es\/web\/bvirtual\/wp-json\/wp\/v2\/posts\/1163\/revisions"}],"predecessor-version":[{"id":1173,"href":"https:\/\/creena.educacion.navarra.es\/web\/bvirtual\/wp-json\/wp\/v2\/posts\/1163\/revisions\/1173"}],"wp:attachment":[{"href":"https:\/\/creena.educacion.navarra.es\/web\/bvirtual\/wp-json\/wp\/v2\/media?parent=1163"}],"wp:term":[{"taxonomy":"category","embeddable":true,"href":"https:\/\/creena.educacion.navarra.es\/web\/bvirtual\/wp-json\/wp\/v2\/categories?post=1163"},{"taxonomy":"post_tag","embeddable":true,"href":"https:\/\/creena.educacion.navarra.es\/web\/bvirtual\/wp-json\/wp\/v2\/tags?post=1163"}],"curies":[{"name":"wp","href":"https:\/\/api.w.org\/{rel}","templated":true}]}}