{"id":1187,"date":"2019-03-08T10:57:36","date_gmt":"2019-03-08T10:57:36","guid":{"rendered":"http:\/\/creena.educacion.navarra.es\/web\/bvirtual\/?p=1187"},"modified":"2019-03-08T11:00:25","modified_gmt":"2019-03-08T11:00:25","slug":"criterios-de-calidad-estimular-para-ninos-de-0-a-3-anos","status":"publish","type":"post","link":"https:\/\/creena.educacion.navarra.es\/web\/bvirtual\/2019\/03\/08\/criterios-de-calidad-estimular-para-ninos-de-0-a-3-anos\/","title":{"rendered":"Criterios de calidad estimular [para ni\u00f1os de 0 a 3 a\u00f1os]"},"content":{"rendered":"<p><a href=\"http:\/\/creena.educacion.navarra.es\/web\/bvirtual\/wp-content\/uploads\/sites\/6\/2019\/03\/criterios.jpg\"><img loading=\"lazy\" class=\"alignleft wp-image-1188\" src=\"http:\/\/creena.educacion.navarra.es\/web\/bvirtual\/wp-content\/uploads\/sites\/6\/2019\/03\/criterios-228x300.jpg\" alt=\"\" width=\"120\" height=\"158\" srcset=\"https:\/\/creena.educacion.navarra.es\/web\/bvirtual\/wp-content\/uploads\/sites\/6\/2019\/03\/criterios-228x300.jpg 228w, https:\/\/creena.educacion.navarra.es\/web\/bvirtual\/wp-content\/uploads\/sites\/6\/2019\/03\/criterios.jpg 638w\" sizes=\"(max-width: 120px) 100vw, 120px\" \/><\/a>Autor\u00eda:<strong> Francisco Garc\u00eda, Julio P\u00e9rez, Trinidad Serrano, Elena Funes, <\/strong><strong>Pilar Hern\u00e1ndez\u00a0 y Pilar Miguel .<br \/><\/strong>Edita: <strong>Consejer\u00eda de Trabajo, Consumo y Pol\u00edtica Social. Direcci\u00f3n General de Familia y Servicios Sectoriales. Regi\u00f3n de Murcia<br \/><\/strong>A\u00f1o: <strong>2003<\/strong><\/p>\n<p><!--more--><\/p>\n<ul>\n<li><strong>Introducci\u00f3n\u00a0<\/strong><\/li>\n<li><strong>Criterios generales de calidad estimular\u00a0<\/strong><\/li>\n<li><strong>Criterios de calidad estimular: 0-6 meses<\/strong>\n<ul>\n<li>0 &#8211; 1 meses\u00a0<\/li>\n<li>1 &#8211; 3 meses\u00a0<\/li>\n<li>3 &#8211; 6 meses\u00a0<\/li>\n<\/ul>\n<\/li>\n<li><strong>Criterios de calidad estimular: 7-12 meses<\/strong>\n<ul>\n<li>\u00c1rea motora\u00a0<\/li>\n<li>\u00c1rea perceptivo &#8211; manipulativa\u00a0<\/li>\n<li>\u00c1rea de lenguaje \/ comunicaci\u00f3n\u00a0<\/li>\n<li>\u00c1rea de desarrollo personal \/ social\u00a0<\/li>\n<\/ul>\n<\/li>\n<li><strong>Criterios de calidad estimular: 13-24 meses<\/strong>\n<ul>\n<li>\u00c1rea motora\u00a0<\/li>\n<li>\u00c1rea perceptivo &#8211; cognitiva\u00a0<\/li>\n<li>\u00c1rea de lenguaje \/ comunicaci\u00f3n\u00a0<\/li>\n<li>\u00c1rea de desarrollo personal \/ social\u00a0<\/li>\n<li>\u00c1rea autonom\u00eda\u00a0<\/li>\n<\/ul>\n<\/li>\n<li><strong>Criterios de calidad estimular: 25-36 meses<\/strong>\n<ul>\n<li>\u00c1rea motora\u00a0<\/li>\n<li>\u00c1rea perceptivo &#8211; cognitiva\u00a0<\/li>\n<li>\u00c1rea de lenguaje \/ comunicaci\u00f3n\u00a0<\/li>\n<li>\u00c1rea de desarrollo personal \/ social\u00a0<\/li>\n<li>\u00c1rea autonom\u00eda\u00a0<\/li>\n<\/ul>\n<\/li>\n<li><strong>Anexos:<\/strong>\n<ul>\n<li>Atenci\u00f3n Temprana en la Regi\u00f3n de Murcia\u00a0<\/li>\n<li>Los Centros y Servicios de Atenci\u00f3n Temprana\u00a0<\/li>\n<li>Lecturas recomendadas<\/li>\n<\/ul>\n<\/li>\n<\/ul>\n<p><a href=\"https:\/\/drive.google.com\/open?id=1_PIeAa41M9rXzYVWBbyjXH8zI_5cB_Iw\" target=\"_blank\" rel=\"noopener noreferrer\">DESCARGA<\/a><\/p>\n\n\n<p><\/p>\n\n\n\n<p><\/p>\n","protected":false},"excerpt":{"rendered":"<p>Autor\u00eda: Francisco Garc\u00eda, Julio P\u00e9rez, Trinidad Serrano, Elena Funes, Pilar Hern\u00e1ndez\u00a0 y Pilar Miguel .Edita: Consejer\u00eda de Trabajo, Consumo y Pol\u00edtica Social. Direcci\u00f3n General de Familia y Servicios Sectoriales. Regi\u00f3n de MurciaA\u00f1o: 2003<\/p>\n","protected":false},"author":1,"featured_media":0,"comment_status":"closed","ping_status":"closed","sticky":false,"template":"","format":"standard","meta":[],"categories":[5],"tags":[],"_links":{"self":[{"href":"https:\/\/creena.educacion.navarra.es\/web\/bvirtual\/wp-json\/wp\/v2\/posts\/1187"}],"collection":[{"href":"https:\/\/creena.educacion.navarra.es\/web\/bvirtual\/wp-json\/wp\/v2\/posts"}],"about":[{"href":"https:\/\/creena.educacion.navarra.es\/web\/bvirtual\/wp-json\/wp\/v2\/types\/post"}],"author":[{"embeddable":true,"href":"https:\/\/creena.educacion.navarra.es\/web\/bvirtual\/wp-json\/wp\/v2\/users\/1"}],"replies":[{"embeddable":true,"href":"https:\/\/creena.educacion.navarra.es\/web\/bvirtual\/wp-json\/wp\/v2\/comments?post=1187"}],"version-history":[{"count":2,"href":"https:\/\/creena.educacion.navarra.es\/web\/bvirtual\/wp-json\/wp\/v2\/posts\/1187\/revisions"}],"predecessor-version":[{"id":1190,"href":"https:\/\/creena.educacion.navarra.es\/web\/bvirtual\/wp-json\/wp\/v2\/posts\/1187\/revisions\/1190"}],"wp:attachment":[{"href":"https:\/\/creena.educacion.navarra.es\/web\/bvirtual\/wp-json\/wp\/v2\/media?parent=1187"}],"wp:term":[{"taxonomy":"category","embeddable":true,"href":"https:\/\/creena.educacion.navarra.es\/web\/bvirtual\/wp-json\/wp\/v2\/categories?post=1187"},{"taxonomy":"post_tag","embeddable":true,"href":"https:\/\/creena.educacion.navarra.es\/web\/bvirtual\/wp-json\/wp\/v2\/tags?post=1187"}],"curies":[{"name":"wp","href":"https:\/\/api.w.org\/{rel}","templated":true}]}}