{"id":1191,"date":"2019-03-08T11:35:42","date_gmt":"2019-03-08T11:35:42","guid":{"rendered":"http:\/\/creena.educacion.navarra.es\/web\/bvirtual\/?p=1191"},"modified":"2019-10-21T08:34:01","modified_gmt":"2019-10-21T08:34:01","slug":"explicame-que-ha-pasado","status":"publish","type":"post","link":"https:\/\/creena.educacion.navarra.es\/web\/bvirtual\/2019\/03\/08\/explicame-que-ha-pasado\/","title":{"rendered":"Expl\u00edcame qu\u00e9 ha pasado"},"content":{"rendered":"<p><a href=\"http:\/\/creena.educacion.navarra.es\/web\/bvirtual\/wp-content\/uploads\/sites\/6\/2019\/03\/Explicame-que-ha-pasado.jpg\"><img loading=\"lazy\" class=\"alignleft wp-image-1192\" src=\"http:\/\/creena.educacion.navarra.es\/web\/bvirtual\/wp-content\/uploads\/sites\/6\/2019\/03\/Explicame-que-ha-pasado-208x300.jpg\" alt=\"\" width=\"120\" height=\"173\" srcset=\"https:\/\/creena.educacion.navarra.es\/web\/bvirtual\/wp-content\/uploads\/sites\/6\/2019\/03\/Explicame-que-ha-pasado-208x300.jpg 208w, https:\/\/creena.educacion.navarra.es\/web\/bvirtual\/wp-content\/uploads\/sites\/6\/2019\/03\/Explicame-que-ha-pasado.jpg 711w\" sizes=\"(max-width: 120px) 100vw, 120px\" \/><\/a>Gu\u00eda para ayudar a los adultos a hablar de la muerte y el duelo con los ni\u00f1os<\/p>\n<p>Autor\u00eda:<br \/>\nEdita: <strong>Fundaci\u00f3n Mario Losantos del Campo<\/strong><br \/>\nA\u00f1o:<\/p>\n<p><!--more--><\/p>\n<ol>\n<li>\u00bfPor qu\u00e9 una gu\u00eda para adultos?<\/li>\n<li>Hablar de la muerte es de mal gusto<\/li>\n<li>La muerte y los ni\u00f1os: \u00a1no gracias!<\/li>\n<li>\u00a1Quiero saber! la curiosidad del ni\u00f1o ante la muerte<\/li>\n<li>\u00bfqu\u00e9 significa morir? Cuatro conceptos claves sobre la muerte<\/li>\n<li>Explicar la muerte a cada edad: lo que los ni\u00f1os alcanzan a comprender en las distintas etapas de su desarrollo\n<ul>\n<li>La muerte en la primera infancia: del beb\u00e9 al ni\u00f1o de dos a\u00f1os<\/li>\n<li>La muerte en el ni\u00f1o de preescolar: de los tres a los seis<\/li>\n<li>La muerte en los ni\u00f1os escolares: de los seis a los diez a\u00f1os<\/li>\n<li>La muerte en los preadolescentes: de los diez a los trece a\u00f1os<\/li>\n<li>Los adolescentes<\/li>\n<\/ul>\n<\/li>\n<li>\u00bfC\u00f3mo comunicar la muerte a un ser querido? Claves para hacerlo<\/li>\n<li>Los ni\u00f1os y el duelo\n<ul>\n<li>\u00bfqu\u00e9 es el duelo?<\/li>\n<li>\u00bfpueden los ni\u00f1os estar de duelo?<\/li>\n<li>Los procesos de duelo en los ni\u00f1os y sus diferencias con los procesos de duelo en adultos<\/li>\n<\/ul>\n<\/li>\n<li>Acompa\u00f1amiento del ni\u00f1o en duelo: c\u00f3mo ayudar a los ni\u00f1os y adolescentes<\/li>\n<li>El duelo en las distintas etapas del desarrollo \u00bfC\u00f3mo podemos ayudar?\n<ul>\n<li>El duelo en la primera infancia: del beb\u00e9 al ni\u00f1o de dos a\u00f1os<\/li>\n<li>El duelo en el ni\u00f1o de preescolar: de los tres a los seis<\/li>\n<li>El duelo en los ni\u00f1os escolares: de los seis a los diez a\u00f1os<\/li>\n<li>El duelo en los preadolescentes: de los diez a los trece a\u00f1os<\/li>\n<li>El duelo en los adolescentes<\/li>\n<li>El ni\u00f1o en duelo en el aula: \u00bfc\u00f3mo ayudarle desde el colegio?<\/li>\n<\/ul>\n<\/li>\n<li>Bibliograf\u00eda recomendada para padres, profesores y ni\u00f1os<\/li>\n<\/ol>\n<p><a href=\"https:\/\/drive.google.com\/open?id=1DCT_Of90xdvWM4IsfvlPzfdUsggA9ptB\" target=\"_blank\" rel=\"noopener noreferrer\">DESCARGA<\/a><\/p>\n","protected":false},"excerpt":{"rendered":"<p>Gu\u00eda para ayudar a los adultos a hablar de la muerte y el duelo con los ni\u00f1os Autor\u00eda: Edita: Fundaci\u00f3n Mario Losantos del Campo A\u00f1o:<\/p>\n","protected":false},"author":1,"featured_media":0,"comment_status":"closed","ping_status":"closed","sticky":false,"template":"","format":"standard","meta":[],"categories":[23],"tags":[],"_links":{"self":[{"href":"https:\/\/creena.educacion.navarra.es\/web\/bvirtual\/wp-json\/wp\/v2\/posts\/1191"}],"collection":[{"href":"https:\/\/creena.educacion.navarra.es\/web\/bvirtual\/wp-json\/wp\/v2\/posts"}],"about":[{"href":"https:\/\/creena.educacion.navarra.es\/web\/bvirtual\/wp-json\/wp\/v2\/types\/post"}],"author":[{"embeddable":true,"href":"https:\/\/creena.educacion.navarra.es\/web\/bvirtual\/wp-json\/wp\/v2\/users\/1"}],"replies":[{"embeddable":true,"href":"https:\/\/creena.educacion.navarra.es\/web\/bvirtual\/wp-json\/wp\/v2\/comments?post=1191"}],"version-history":[{"count":3,"href":"https:\/\/creena.educacion.navarra.es\/web\/bvirtual\/wp-json\/wp\/v2\/posts\/1191\/revisions"}],"predecessor-version":[{"id":1234,"href":"https:\/\/creena.educacion.navarra.es\/web\/bvirtual\/wp-json\/wp\/v2\/posts\/1191\/revisions\/1234"}],"wp:attachment":[{"href":"https:\/\/creena.educacion.navarra.es\/web\/bvirtual\/wp-json\/wp\/v2\/media?parent=1191"}],"wp:term":[{"taxonomy":"category","embeddable":true,"href":"https:\/\/creena.educacion.navarra.es\/web\/bvirtual\/wp-json\/wp\/v2\/categories?post=1191"},{"taxonomy":"post_tag","embeddable":true,"href":"https:\/\/creena.educacion.navarra.es\/web\/bvirtual\/wp-json\/wp\/v2\/tags?post=1191"}],"curies":[{"name":"wp","href":"https:\/\/api.w.org\/{rel}","templated":true}]}}