{"id":1460,"date":"2026-02-03T11:19:21","date_gmt":"2026-02-03T11:19:21","guid":{"rendered":"https:\/\/creena.educacion.navarra.es\/web\/bvirtual\/?p=1460"},"modified":"2026-02-03T11:19:21","modified_gmt":"2026-02-03T11:19:21","slug":"un-marco-para-el-desarrollo-de-la-competencia-lectora","status":"publish","type":"post","link":"https:\/\/creena.educacion.navarra.es\/web\/bvirtual\/2026\/02\/03\/un-marco-para-el-desarrollo-de-la-competencia-lectora\/","title":{"rendered":"Un marco para el desarrollo de la competencia lectora"},"content":{"rendered":"\n<div class=\"wp-block-image\"><figure class=\"alignleft size-full is-resized\"><img loading=\"lazy\" src=\"https:\/\/creena.educacion.navarra.es\/web\/bvirtual\/wp-content\/uploads\/sites\/6\/2026\/02\/MARCO.jpg\" alt=\"\" class=\"wp-image-1461\" width=\"142\" height=\"206\" srcset=\"https:\/\/creena.educacion.navarra.es\/web\/bvirtual\/wp-content\/uploads\/sites\/6\/2026\/02\/MARCO.jpg 434w, https:\/\/creena.educacion.navarra.es\/web\/bvirtual\/wp-content\/uploads\/sites\/6\/2026\/02\/MARCO-207x300.jpg 207w\" sizes=\"(max-width: 142px) 100vw, 142px\" \/><\/figure><\/div>\n\n\n\n<p>Autor\u00eda:<strong>\u00a0Juan Cruz Ripoll Salceda<\/strong><br>Edita:\u00a0<strong>Ministerio de Educaci\u00f3n, Formaci\u00f3n Profesional y Deportes<\/strong><br>A\u00f1o:\u00a0<strong>2023<\/strong><\/p>\n\n\n\n<p><\/p>\n\n\n\n<p><\/p>\n\n\n\n<!--more-->\n\n\n\n<ul><li><strong>Carta del consejero <\/strong><\/li><li><strong>Introduccio\u0301n <\/strong><\/li><li><strong>Bloque I.<\/strong> <ul><li>Previniendo las dificultades en la lectura partiendo de la investigacio\u0301n <\/li><li>El modelo de visi\u00f3n simple de lectura <\/li><li>Las relaciones entre la lectura y la escritura <\/li><li>\u00bfPor qu\u00e9 la prevenci\u00f3n de las dificultades en la lectura es indispensable? <\/li><\/ul><\/li><li><strong>Bloque II.<\/strong> <ul><li>Previniendo las dificultades en la lectura en Educaci\u00f3n Infantil <\/li><li>Programas educativos para el desarrollo de la conciencia fonol\u00f3gica <\/li><li>El desarrollo de lecturas compartidas en Educaci\u00f3n Infantil <\/li><li>Programas educativos para el desarrollo del vocabulario <\/li><li>Programas educativos para el desarrollo de las habilidades narrativas <\/li><\/ul><\/li><li><strong>Bloque III. <\/strong><ul><li>La ense\u00f1anza de la lectura fundamentada desde la investigaci\u00f3n <\/li><li>Las cinco grandes ideas del Nacional Reading Panel <\/li><li>Principios t\u00e9cnicos para la ense\u00f1anza de la lectura fundamentada desde la investigacio\u0301n <\/li><li>Continuo en la Respuesta Educativa <\/li><li> Intervenir de forma temprana en estudiantes que presentan dificultades en el aprendizaje de la lectura <\/li><\/ul><\/li><li><strong>Bloque IV.<\/strong> <ul><li>Las dificultades espec\u00edficas de aprendizaje <\/li><li>Introducci\u00f3n a las dificultades espec\u00edficas de aprendizaje <\/li><li>Las dificultades especificas en el aprendizaje de la lectura y la escritura en la Educaci\u00f3n Secundaria Obligatoria <\/li><\/ul><\/li><li><strong>Bloque V<\/strong> <ul><li>Previniendo las dificultades en la lectura desde el contexto familiar <\/li><\/ul><\/li><li><strong>Glosario b\u00e1sico <\/strong><\/li><li><strong>Notas al final <\/strong><\/li><li><strong>Referencias Bibliogr\u00e1ficas<\/strong> <\/li><\/ul>\n\n\n\n<p><a href=\"https:\/\/drive.google.com\/file\/d\/1P2Wn-u4d1TEglLy-6MhQY7nSLP2oDG4Q\/view?usp=drive_link\" target=\"_blank\" rel=\"noreferrer noopener\">DESCARGA<\/a><\/p>\n","protected":false},"excerpt":{"rendered":"<p>Autor\u00eda:\u00a0Juan Cruz Ripoll SalcedaEdita:\u00a0Ministerio de Educaci\u00f3n, Formaci\u00f3n Profesional y DeportesA\u00f1o:\u00a02023<\/p>\n","protected":false},"author":1,"featured_media":0,"comment_status":"closed","ping_status":"closed","sticky":false,"template":"","format":"standard","meta":[],"categories":[11],"tags":[],"_links":{"self":[{"href":"https:\/\/creena.educacion.navarra.es\/web\/bvirtual\/wp-json\/wp\/v2\/posts\/1460"}],"collection":[{"href":"https:\/\/creena.educacion.navarra.es\/web\/bvirtual\/wp-json\/wp\/v2\/posts"}],"about":[{"href":"https:\/\/creena.educacion.navarra.es\/web\/bvirtual\/wp-json\/wp\/v2\/types\/post"}],"author":[{"embeddable":true,"href":"https:\/\/creena.educacion.navarra.es\/web\/bvirtual\/wp-json\/wp\/v2\/users\/1"}],"replies":[{"embeddable":true,"href":"https:\/\/creena.educacion.navarra.es\/web\/bvirtual\/wp-json\/wp\/v2\/comments?post=1460"}],"version-history":[{"count":2,"href":"https:\/\/creena.educacion.navarra.es\/web\/bvirtual\/wp-json\/wp\/v2\/posts\/1460\/revisions"}],"predecessor-version":[{"id":1463,"href":"https:\/\/creena.educacion.navarra.es\/web\/bvirtual\/wp-json\/wp\/v2\/posts\/1460\/revisions\/1463"}],"wp:attachment":[{"href":"https:\/\/creena.educacion.navarra.es\/web\/bvirtual\/wp-json\/wp\/v2\/media?parent=1460"}],"wp:term":[{"taxonomy":"category","embeddable":true,"href":"https:\/\/creena.educacion.navarra.es\/web\/bvirtual\/wp-json\/wp\/v2\/categories?post=1460"},{"taxonomy":"post_tag","embeddable":true,"href":"https:\/\/creena.educacion.navarra.es\/web\/bvirtual\/wp-json\/wp\/v2\/tags?post=1460"}],"curies":[{"name":"wp","href":"https:\/\/api.w.org\/{rel}","templated":true}]}}