{"id":186,"date":"2018-06-01T07:36:26","date_gmt":"2018-06-01T07:36:26","guid":{"rendered":"http:\/\/creena.educacion.navarra.es\/web\/bvirtual\/?p=186"},"modified":"2018-06-01T07:41:26","modified_gmt":"2018-06-01T07:41:26","slug":"ciberbullying","status":"publish","type":"post","link":"https:\/\/creena.educacion.navarra.es\/web\/bvirtual\/2018\/06\/01\/ciberbullying\/","title":{"rendered":"Ciberbullying"},"content":{"rendered":"<p><img loading=\"lazy\" class=\"alignleft wp-image-188\" src=\"http:\/\/creena.educacion.navarra.es\/web\/bvirtual\/wp-content\/uploads\/sites\/6\/2018\/06\/ciberbullying-249x300.png\" alt=\"\" width=\"160\" height=\"193\" srcset=\"https:\/\/creena.educacion.navarra.es\/web\/bvirtual\/wp-content\/uploads\/sites\/6\/2018\/06\/ciberbullying-249x300.png 249w, https:\/\/creena.educacion.navarra.es\/web\/bvirtual\/wp-content\/uploads\/sites\/6\/2018\/06\/ciberbullying.png 685w\" sizes=\"(max-width: 160px) 100vw, 160px\" \/>Autor: <strong>Jos\u00e9 Antonio Luego Latorre<\/strong><br \/>\nEdita: <strong>Defensor del Menor en la Comunidad de Madrid<\/strong><br \/>\nA\u00f1o: <strong>2011<\/strong><\/p>\n<p><!--more--><\/p>\n<p><em>Esta gu\u00eda ofrece informaci\u00f3n sobre el fen\u00f3meno\u00a0en s\u00ed, la tipificaci\u00f3n jur\u00eddica de determinados comportamientos en la red, la forma de actuar frente\u00a0a situaciones concretas, la necesidad de prevenir y los\u00a0protocolos de intervenci\u00f3n. Adem\u00e1s, ofrece unidades\u00a0did\u00e1cticas a desarrollar en el aula para trabajar con\u00a0los alumnos este problema y actividades tambi\u00e9n\u00a0para realizar con los padres. Por \u00faltimo, se ofrecen referencias normativas que ayuden a reflexionar sobre un asunto que est\u00e1 resultado cada vez m\u00e1s visible y preocupante.<\/em><\/p>\n<p><a href=\"https:\/\/drive.google.com\/open?id=1_qMbTq37ZCzot7TNiuXLfRllrClbycFR\" target=\"_blank\" rel=\"noopener\">DESCARGA<\/a><\/p>\n","protected":false},"excerpt":{"rendered":"<p>Autor: Jos\u00e9 Antonio Luego Latorre Edita: Defensor del Menor en la Comunidad de Madrid A\u00f1o: 2011<\/p>\n","protected":false},"author":1,"featured_media":0,"comment_status":"closed","ping_status":"closed","sticky":false,"template":"","format":"standard","meta":[],"categories":[7],"tags":[],"_links":{"self":[{"href":"https:\/\/creena.educacion.navarra.es\/web\/bvirtual\/wp-json\/wp\/v2\/posts\/186"}],"collection":[{"href":"https:\/\/creena.educacion.navarra.es\/web\/bvirtual\/wp-json\/wp\/v2\/posts"}],"about":[{"href":"https:\/\/creena.educacion.navarra.es\/web\/bvirtual\/wp-json\/wp\/v2\/types\/post"}],"author":[{"embeddable":true,"href":"https:\/\/creena.educacion.navarra.es\/web\/bvirtual\/wp-json\/wp\/v2\/users\/1"}],"replies":[{"embeddable":true,"href":"https:\/\/creena.educacion.navarra.es\/web\/bvirtual\/wp-json\/wp\/v2\/comments?post=186"}],"version-history":[{"count":3,"href":"https:\/\/creena.educacion.navarra.es\/web\/bvirtual\/wp-json\/wp\/v2\/posts\/186\/revisions"}],"predecessor-version":[{"id":1206,"href":"https:\/\/creena.educacion.navarra.es\/web\/bvirtual\/wp-json\/wp\/v2\/posts\/186\/revisions\/1206"}],"wp:attachment":[{"href":"https:\/\/creena.educacion.navarra.es\/web\/bvirtual\/wp-json\/wp\/v2\/media?parent=186"}],"wp:term":[{"taxonomy":"category","embeddable":true,"href":"https:\/\/creena.educacion.navarra.es\/web\/bvirtual\/wp-json\/wp\/v2\/categories?post=186"},{"taxonomy":"post_tag","embeddable":true,"href":"https:\/\/creena.educacion.navarra.es\/web\/bvirtual\/wp-json\/wp\/v2\/tags?post=186"}],"curies":[{"name":"wp","href":"https:\/\/api.w.org\/{rel}","templated":true}]}}