{"id":206,"date":"2018-06-01T08:28:41","date_gmt":"2018-06-01T08:28:41","guid":{"rendered":"http:\/\/creena.educacion.navarra.es\/web\/bvirtual\/?p=206"},"modified":"2018-06-18T11:39:22","modified_gmt":"2018-06-18T11:39:22","slug":"educacion-emocional","status":"publish","type":"post","link":"https:\/\/creena.educacion.navarra.es\/web\/bvirtual\/2018\/06\/01\/educacion-emocional\/","title":{"rendered":"Educaci\u00f3n Emocional"},"content":{"rendered":"<ol>\n<li><img loading=\"lazy\" class=\"alignleft wp-image-207\" src=\"http:\/\/creena.educacion.navarra.es\/web\/bvirtual\/wp-content\/uploads\/sites\/6\/2018\/06\/educacionemocional-211x300.png\" alt=\"\" width=\"160\" height=\"228\" srcset=\"https:\/\/creena.educacion.navarra.es\/web\/bvirtual\/wp-content\/uploads\/sites\/6\/2018\/06\/educacionemocional-211x300.png 211w, https:\/\/creena.educacion.navarra.es\/web\/bvirtual\/wp-content\/uploads\/sites\/6\/2018\/06\/educacionemocional.png 597w\" sizes=\"(max-width: 160px) 100vw, 160px\" \/>Autor\u00eda: <strong>Mar\u00eda Dolores Hurtado Montesinos<\/strong><br \/>\nEdita:<strong> Regi\u00f3n de Murcia. Consejer\u00eda de Educaci\u00f3n y Universidades<\/strong><br \/>\nA\u00f1o: <strong>2015<\/strong><\/li>\n<\/ol>\n<p><!--more--><\/p>\n<ol>\n<li><em>INTRODUCCI\u00d3N<\/em><\/li>\n<li><em>ACLARANDO T\u00c9RMINOS<\/em>\n<ol>\n<li><em>Inteligencia emocional<\/em><\/li>\n<li><em>Educaci\u00f3n emocional<\/em><\/li>\n<li><em>Competencia emocional<\/em><\/li>\n<\/ol>\n<\/li>\n<li><em>\u00bfPOR QU\u00c9 TRABAJAR LA EDUCACI\u00d3N EMOCIONAL EN LOS\u00a0CENTROS EDUCATIVOS?<\/em>\n<ol>\n<li><em>Normativa<\/em><\/li>\n<li><em>Aprendizaje<\/em><\/li>\n<li><em>Escenarios<\/em><\/li>\n<li><em>Importancia de la formaci\u00f3n como factor de cambio y desarrollo<\/em><\/li>\n<li><em>Relaci\u00f3n familia-centro educativo<\/em><\/li>\n<li><em>La educaci\u00f3n emocional en las familias<\/em><\/li>\n<li><em>Propuesta de participaci\u00f3n<\/em><\/li>\n<li><em>Puesta en marcha del programa del programa de educaci\u00f3n emocional\u00a0en la<\/em><\/li>\n<li><em>regi\u00f3n de Murcia<\/em><\/li>\n<\/ol>\n<\/li>\n<li><em>PROGRAMA Y GU\u00cdA DE DESARROLLO DE LA EDUCACI\u00d3N EMOCIONAL<\/em>\n<ol>\n<li><em>Estrategias de intervenci\u00f3n<\/em><\/li>\n<li><em>Competencias del programa<\/em><\/li>\n<li><em>Orientaciones metodol\u00f3gicas<\/em><\/li>\n<li><em>M\u00f3dulos del programa<\/em><\/li>\n<li><em>C\u00f3mo desarrollar las actividades<\/em><\/li>\n<li><em>Propuestas para la evaluaci\u00f3n del programa<\/em><\/li>\n<li><em>Resultados de la implementaci\u00f3n del programa<\/em><\/li>\n<li><em>\u00a0Conclusiones<\/em><\/li>\n<\/ol>\n<\/li>\n<li><em>ANEXOS<\/em>\n<ol>\n<li><em>Actividades de los distintos m\u00f3dulos<\/em>\n<ol>\n<li><em>\u00a0Conciencia emocional<\/em><\/li>\n<li><em>Autorregulaci\u00f3n emocional<\/em><\/li>\n<li><em>Autoestima<\/em><\/li>\n<li><em>Empat\u00eda<\/em><\/li>\n<li><em>Habilidades sociales y de comunicaci\u00f3n<\/em><\/li>\n<li><em>Soluci\u00f3n de problemas y conflictos<\/em><\/li>\n<\/ol>\n<\/li>\n<li><em>Materiales complementarios<\/em>\n<ol>\n<li><em>Trabajo por proyectos: \u201cEl Bosque Emoci\u00f3n Hado\u201d de Mar L\u00f3pez G\u00f3mez<\/em><\/li>\n<li><em>Propuestas de evaluaci\u00f3n<\/em><\/li>\n<li><em>Fichas de actividades<\/em><\/li>\n<\/ol>\n<\/li>\n<\/ol>\n<\/li>\n<li><em>BIBLIOGRAF\u00cdA<\/em><\/li>\n<\/ol>\n<p><a href=\"https:\/\/drive.google.com\/open?id=1YMPiWlMG-JtRjuVgSHIkBeiNv4i1Sait\" target=\"_blank\" rel=\"noopener\">DESCARGA<\/a><\/p>\n","protected":false},"excerpt":{"rendered":"<p>Autor\u00eda: Mar\u00eda Dolores Hurtado Montesinos Edita: Regi\u00f3n de Murcia. Consejer\u00eda de Educaci\u00f3n y Universidades A\u00f1o: 2015<\/p>\n","protected":false},"author":1,"featured_media":0,"comment_status":"closed","ping_status":"closed","sticky":false,"template":"","format":"standard","meta":[],"categories":[23],"tags":[],"_links":{"self":[{"href":"https:\/\/creena.educacion.navarra.es\/web\/bvirtual\/wp-json\/wp\/v2\/posts\/206"}],"collection":[{"href":"https:\/\/creena.educacion.navarra.es\/web\/bvirtual\/wp-json\/wp\/v2\/posts"}],"about":[{"href":"https:\/\/creena.educacion.navarra.es\/web\/bvirtual\/wp-json\/wp\/v2\/types\/post"}],"author":[{"embeddable":true,"href":"https:\/\/creena.educacion.navarra.es\/web\/bvirtual\/wp-json\/wp\/v2\/users\/1"}],"replies":[{"embeddable":true,"href":"https:\/\/creena.educacion.navarra.es\/web\/bvirtual\/wp-json\/wp\/v2\/comments?post=206"}],"version-history":[{"count":5,"href":"https:\/\/creena.educacion.navarra.es\/web\/bvirtual\/wp-json\/wp\/v2\/posts\/206\/revisions"}],"predecessor-version":[{"id":717,"href":"https:\/\/creena.educacion.navarra.es\/web\/bvirtual\/wp-json\/wp\/v2\/posts\/206\/revisions\/717"}],"wp:attachment":[{"href":"https:\/\/creena.educacion.navarra.es\/web\/bvirtual\/wp-json\/wp\/v2\/media?parent=206"}],"wp:term":[{"taxonomy":"category","embeddable":true,"href":"https:\/\/creena.educacion.navarra.es\/web\/bvirtual\/wp-json\/wp\/v2\/categories?post=206"},{"taxonomy":"post_tag","embeddable":true,"href":"https:\/\/creena.educacion.navarra.es\/web\/bvirtual\/wp-json\/wp\/v2\/tags?post=206"}],"curies":[{"name":"wp","href":"https:\/\/api.w.org\/{rel}","templated":true}]}}