{"id":433,"date":"2018-06-07T11:09:04","date_gmt":"2018-06-07T11:09:04","guid":{"rendered":"http:\/\/creena.educacion.navarra.es\/web\/bvirtual\/?p=433"},"modified":"2018-10-19T07:43:14","modified_gmt":"2018-10-19T07:43:14","slug":"i-congreso-nacional-de-educacion-y-personas-con-discapacidad","status":"publish","type":"post","link":"https:\/\/creena.educacion.navarra.es\/web\/bvirtual\/2018\/06\/07\/i-congreso-nacional-de-educacion-y-personas-con-discapacidad\/","title":{"rendered":"I Congreso Nacional de educaci\u00f3n y personas con discapacidad"},"content":{"rendered":"<p><img loading=\"lazy\" class=\"alignleft wp-image-434\" src=\"http:\/\/creena.educacion.navarra.es\/web\/bvirtual\/wp-content\/uploads\/sites\/6\/2018\/06\/libro_congreso-205x300.jpg\" alt=\"\" width=\"160\" height=\"234\" srcset=\"https:\/\/creena.educacion.navarra.es\/web\/bvirtual\/wp-content\/uploads\/sites\/6\/2018\/06\/libro_congreso-205x300.jpg 205w, https:\/\/creena.educacion.navarra.es\/web\/bvirtual\/wp-content\/uploads\/sites\/6\/2018\/06\/libro_congreso.jpg 321w\" sizes=\"(max-width: 160px) 100vw, 160px\" \/>Edita:\u00a0<strong>Gobierno de Navarra. Departamento de Educaci\u00f3n y Cultura<\/strong><br \/>\nA\u00f1o:\u00a0<strong> 2003<\/strong><\/p>\n<p><!--more--><\/p>\n<p><em>Contiene todas las ponencias y comunicaciones presentadas al congreso que, sobre Educaci\u00f3n y Personas con discapacidad, se celebr\u00f3 en Pamplona del 6 al 8 de marzo de 2003. Est\u00e1n tambi\u00e9n\u00a0las conferencias de inauguraci\u00f3n y clausura.<\/em><\/p>\n<p><a href=\"https:\/\/drive.google.com\/open?id=1gZXSR7nsZy5gZha2pTbtmLSJoPfcDEbT\" target=\"_blank\" rel=\"noopener\">DESCARGAR<\/a><\/p>\n<p>&nbsp;<\/p>\n","protected":false},"excerpt":{"rendered":"<p>Edita:\u00a0Gobierno de Navarra. Departamento de Educaci\u00f3n y Cultura A\u00f1o:\u00a0 2003<\/p>\n","protected":false},"author":1,"featured_media":0,"comment_status":"closed","ping_status":"closed","sticky":false,"template":"","format":"standard","meta":[],"categories":[6,15,14,20,8],"tags":[],"_links":{"self":[{"href":"https:\/\/creena.educacion.navarra.es\/web\/bvirtual\/wp-json\/wp\/v2\/posts\/433"}],"collection":[{"href":"https:\/\/creena.educacion.navarra.es\/web\/bvirtual\/wp-json\/wp\/v2\/posts"}],"about":[{"href":"https:\/\/creena.educacion.navarra.es\/web\/bvirtual\/wp-json\/wp\/v2\/types\/post"}],"author":[{"embeddable":true,"href":"https:\/\/creena.educacion.navarra.es\/web\/bvirtual\/wp-json\/wp\/v2\/users\/1"}],"replies":[{"embeddable":true,"href":"https:\/\/creena.educacion.navarra.es\/web\/bvirtual\/wp-json\/wp\/v2\/comments?post=433"}],"version-history":[{"count":4,"href":"https:\/\/creena.educacion.navarra.es\/web\/bvirtual\/wp-json\/wp\/v2\/posts\/433\/revisions"}],"predecessor-version":[{"id":447,"href":"https:\/\/creena.educacion.navarra.es\/web\/bvirtual\/wp-json\/wp\/v2\/posts\/433\/revisions\/447"}],"wp:attachment":[{"href":"https:\/\/creena.educacion.navarra.es\/web\/bvirtual\/wp-json\/wp\/v2\/media?parent=433"}],"wp:term":[{"taxonomy":"category","embeddable":true,"href":"https:\/\/creena.educacion.navarra.es\/web\/bvirtual\/wp-json\/wp\/v2\/categories?post=433"},{"taxonomy":"post_tag","embeddable":true,"href":"https:\/\/creena.educacion.navarra.es\/web\/bvirtual\/wp-json\/wp\/v2\/tags?post=433"}],"curies":[{"name":"wp","href":"https:\/\/api.w.org\/{rel}","templated":true}]}}