{"id":449,"date":"2018-06-08T07:20:22","date_gmt":"2018-06-08T07:20:22","guid":{"rendered":"http:\/\/creena.educacion.navarra.es\/web\/bvirtual\/?p=449"},"modified":"2018-06-08T09:44:05","modified_gmt":"2018-06-08T09:44:05","slug":"diccionario-ilustrado-arabe-espanol","status":"publish","type":"post","link":"https:\/\/creena.educacion.navarra.es\/web\/bvirtual\/2018\/06\/08\/diccionario-ilustrado-arabe-espanol\/","title":{"rendered":"Diccionario ilustrado \u00e1rabe-espa\u00f1ol"},"content":{"rendered":"<p><img loading=\"lazy\" class=\"alignleft wp-image-450\" src=\"http:\/\/creena.educacion.navarra.es\/web\/bvirtual\/wp-content\/uploads\/sites\/6\/2018\/06\/diccionario-198x300.png\" alt=\"\" width=\"160\" height=\"242\" srcset=\"https:\/\/creena.educacion.navarra.es\/web\/bvirtual\/wp-content\/uploads\/sites\/6\/2018\/06\/diccionario-198x300.png 198w, https:\/\/creena.educacion.navarra.es\/web\/bvirtual\/wp-content\/uploads\/sites\/6\/2018\/06\/diccionario.png 516w\" sizes=\"(max-width: 160px) 100vw, 160px\" \/>Autor\u00eda:<strong> Ahmad Alkuwaifi; Montserrat Torres<\/strong><br \/>\nEdita: <strong>Ministerio de Educaci\u00f3n, Cultura y Deporte<\/strong><br \/>\nA\u00f1o: <strong>2003<\/strong><\/p>\n<p><!--more--><\/p>\n<p><em>El Diccionario ilustrado \u00e1rabe-espa\u00f1ol es un recurso f\u00e1cil y divertido para iniciarse en el aprendizaje de cualquiera de estas dos lenguas. Dadas sus caracter\u00edsticas, su uso es adecuado para cualquier edad.<\/em><br \/>\n<em>Para facilitar el aprendizaje, el libro esta dividido en 12 centros\u00a0de inter\u00e9s relacionados con e! vocabulario b\u00e1sico necesario para desenvolverse\u00a0en el quehacer diario. Cada palabra se acompa\u00f1a de una ilustraci\u00f3n y de la graf\u00eda en ambas lenguas. En cada uno de los centros de inter\u00e9s hay elementos culturales \u00e1rabes, de manera que es f\u00e1cil por parte de padres y educadores trabajar aspectos de la diversidad cultural.<\/em><br \/>\n<em>En las paginas centrales hay un glosario con todos los t\u00e9rminos\u00a0divididos en cuatro columnas que, de izquierda a derecha, representan: la palabra espa\u00f1ola, la pronunciaci\u00f3n fon\u00e9tica de la misma escrita en graf\u00eda \u00e1rabe, la pronunciaci\u00f3n fon\u00e9tica del t\u00e9rmino \u00e1rabe escrito en caracteres latinos y la palabra \u00e1rabe.<\/em><\/p>\n<p><a href=\"https:\/\/drive.google.com\/open?id=1i1Cs-fJ64QEJ26RtdT0msbzYrxXe8NOX\" target=\"_blank\" rel=\"noopener\">DESCARGAR<\/a><\/p>\n","protected":false},"excerpt":{"rendered":"<p>Autor\u00eda: Ahmad Alkuwaifi; Montserrat Torres Edita: Ministerio de Educaci\u00f3n, Cultura y Deporte A\u00f1o: 2003<\/p>\n","protected":false},"author":1,"featured_media":0,"comment_status":"closed","ping_status":"closed","sticky":false,"template":"","format":"standard","meta":[],"categories":[10],"tags":[],"_links":{"self":[{"href":"https:\/\/creena.educacion.navarra.es\/web\/bvirtual\/wp-json\/wp\/v2\/posts\/449"}],"collection":[{"href":"https:\/\/creena.educacion.navarra.es\/web\/bvirtual\/wp-json\/wp\/v2\/posts"}],"about":[{"href":"https:\/\/creena.educacion.navarra.es\/web\/bvirtual\/wp-json\/wp\/v2\/types\/post"}],"author":[{"embeddable":true,"href":"https:\/\/creena.educacion.navarra.es\/web\/bvirtual\/wp-json\/wp\/v2\/users\/1"}],"replies":[{"embeddable":true,"href":"https:\/\/creena.educacion.navarra.es\/web\/bvirtual\/wp-json\/wp\/v2\/comments?post=449"}],"version-history":[{"count":4,"href":"https:\/\/creena.educacion.navarra.es\/web\/bvirtual\/wp-json\/wp\/v2\/posts\/449\/revisions"}],"predecessor-version":[{"id":486,"href":"https:\/\/creena.educacion.navarra.es\/web\/bvirtual\/wp-json\/wp\/v2\/posts\/449\/revisions\/486"}],"wp:attachment":[{"href":"https:\/\/creena.educacion.navarra.es\/web\/bvirtual\/wp-json\/wp\/v2\/media?parent=449"}],"wp:term":[{"taxonomy":"category","embeddable":true,"href":"https:\/\/creena.educacion.navarra.es\/web\/bvirtual\/wp-json\/wp\/v2\/categories?post=449"},{"taxonomy":"post_tag","embeddable":true,"href":"https:\/\/creena.educacion.navarra.es\/web\/bvirtual\/wp-json\/wp\/v2\/tags?post=449"}],"curies":[{"name":"wp","href":"https:\/\/api.w.org\/{rel}","templated":true}]}}