{"id":472,"date":"2018-06-08T09:29:54","date_gmt":"2018-06-08T09:29:54","guid":{"rendered":"http:\/\/creena.educacion.navarra.es\/web\/bvirtual\/?p=472"},"modified":"2018-06-08T09:40:59","modified_gmt":"2018-06-08T09:40:59","slug":"el-sistema-solar","status":"publish","type":"post","link":"https:\/\/creena.educacion.navarra.es\/web\/bvirtual\/2018\/06\/08\/el-sistema-solar\/","title":{"rendered":"El sistema solar"},"content":{"rendered":"<p><img loading=\"lazy\" class=\"alignleft wp-image-473\" src=\"http:\/\/creena.educacion.navarra.es\/web\/bvirtual\/wp-content\/uploads\/sites\/6\/2018\/06\/elsistema-211x300.png\" alt=\"\" width=\"160\" height=\"227\" srcset=\"https:\/\/creena.educacion.navarra.es\/web\/bvirtual\/wp-content\/uploads\/sites\/6\/2018\/06\/elsistema-211x300.png 211w, https:\/\/creena.educacion.navarra.es\/web\/bvirtual\/wp-content\/uploads\/sites\/6\/2018\/06\/elsistema.png 453w\" sizes=\"(max-width: 160px) 100vw, 160px\" \/>Autor\u00eda:\u00a0<strong>Alumnos del M\u00e1ster en Intervenci\u00f3n Educativa y Psicol\u00f3gica. Curso 2013-2014.\u00a0Universidad de Navarra<\/strong><br \/>\nEdita: <strong>Universidad de Navarra<\/strong><br \/>\nA\u00f1o: <strong>2014<\/strong><\/p>\n<p><!--more--><\/p>\n<p><em>Adaptaci\u00f3n del tema del Sistema Solar en \u00ablectura f\u00e1cil\u00bb<\/em><\/p>\n<p><em>1. El Sistema Solar<\/em><br \/>\n<em>2. El sol<\/em><br \/>\n<em>3. Los planetas interiores<\/em><br \/>\n<em>4. Los planetas exteriores<\/em><br \/>\n<em>5. Cuerpos menores: asteroides y planetoides<\/em><br \/>\n<em>6. Otros cuerpos<\/em><br \/>\n<em>7. Diccionario<\/em><br \/>\n<em>8. Bibliograf\u00eda<\/em><\/p>\n<p><a href=\"https:\/\/drive.google.com\/open?id=1KKnKPdwb8EW_kMxIjEIf9M4utpbqHJkJ\" target=\"_blank\" rel=\"noopener\">DESCARGAR<\/a><\/p>\n","protected":false},"excerpt":{"rendered":"<p>Autor\u00eda:\u00a0Alumnos del M\u00e1ster en Intervenci\u00f3n Educativa y Psicol\u00f3gica. Curso 2013-2014.\u00a0Universidad de Navarra Edita: Universidad de Navarra A\u00f1o: 2014<\/p>\n","protected":false},"author":1,"featured_media":0,"comment_status":"closed","ping_status":"closed","sticky":false,"template":"","format":"standard","meta":[],"categories":[12],"tags":[],"_links":{"self":[{"href":"https:\/\/creena.educacion.navarra.es\/web\/bvirtual\/wp-json\/wp\/v2\/posts\/472"}],"collection":[{"href":"https:\/\/creena.educacion.navarra.es\/web\/bvirtual\/wp-json\/wp\/v2\/posts"}],"about":[{"href":"https:\/\/creena.educacion.navarra.es\/web\/bvirtual\/wp-json\/wp\/v2\/types\/post"}],"author":[{"embeddable":true,"href":"https:\/\/creena.educacion.navarra.es\/web\/bvirtual\/wp-json\/wp\/v2\/users\/1"}],"replies":[{"embeddable":true,"href":"https:\/\/creena.educacion.navarra.es\/web\/bvirtual\/wp-json\/wp\/v2\/comments?post=472"}],"version-history":[{"count":2,"href":"https:\/\/creena.educacion.navarra.es\/web\/bvirtual\/wp-json\/wp\/v2\/posts\/472\/revisions"}],"predecessor-version":[{"id":481,"href":"https:\/\/creena.educacion.navarra.es\/web\/bvirtual\/wp-json\/wp\/v2\/posts\/472\/revisions\/481"}],"wp:attachment":[{"href":"https:\/\/creena.educacion.navarra.es\/web\/bvirtual\/wp-json\/wp\/v2\/media?parent=472"}],"wp:term":[{"taxonomy":"category","embeddable":true,"href":"https:\/\/creena.educacion.navarra.es\/web\/bvirtual\/wp-json\/wp\/v2\/categories?post=472"},{"taxonomy":"post_tag","embeddable":true,"href":"https:\/\/creena.educacion.navarra.es\/web\/bvirtual\/wp-json\/wp\/v2\/tags?post=472"}],"curies":[{"name":"wp","href":"https:\/\/api.w.org\/{rel}","templated":true}]}}