{"id":475,"date":"2018-06-08T09:37:11","date_gmt":"2018-06-08T09:37:11","guid":{"rendered":"http:\/\/creena.educacion.navarra.es\/web\/bvirtual\/?p=475"},"modified":"2018-06-08T09:40:23","modified_gmt":"2018-06-08T09:40:23","slug":"cgpoie-lectura-facil","status":"publish","type":"post","link":"https:\/\/creena.educacion.navarra.es\/web\/bvirtual\/2018\/06\/08\/cgpoie-lectura-facil\/","title":{"rendered":"Cgpoie. Lectura f\u00e1cil."},"content":{"rendered":"<p><img loading=\"lazy\" class=\"alignleft wp-image-476\" src=\"http:\/\/creena.educacion.navarra.es\/web\/bvirtual\/wp-content\/uploads\/sites\/6\/2018\/06\/cgpoie-211x300.png\" alt=\"\" width=\"160\" height=\"227\" srcset=\"https:\/\/creena.educacion.navarra.es\/web\/bvirtual\/wp-content\/uploads\/sites\/6\/2018\/06\/cgpoie-211x300.png 211w, https:\/\/creena.educacion.navarra.es\/web\/bvirtual\/wp-content\/uploads\/sites\/6\/2018\/06\/cgpoie.png 457w\" sizes=\"(max-width: 160px) 100vw, 160px\" \/>Autor\u00eda: <strong>Oscar Garc\u00eda Mu\u00f1oz<\/strong><br \/>\nEdita: <strong>Ministerio de Educaci\u00f3n, Cultura y deporte<\/strong><br \/>\nA\u00f1o: <strong>2014<\/strong><\/p>\n<p>&nbsp;<\/p>\n<p><!--more--><\/p>\n<p><em>La lectura f\u00e1cil es una soluci\u00f3n de accesibilidad a los contenidos textuales que permite\u00a0salvar las barreras de comprensi\u00f3n a personas con dificultades en este \u00e1mbito. En la escuela,\u00a0es una herramienta \u00fatil para la inclusi\u00f3n de alumnos que, por diferentes motivos, puedan\u00a0tener m\u00e1s problemas en este \u00e1mbito. De forma general, la lectura f\u00e1cil es una apuesta por una\u00a0comunicaci\u00f3n para todos, ya que su validez se ampl\u00eda a todo el universo humano.<\/em><\/p>\n<p><em>Este libro ofrece pautas, ejemplos para textos en lectura f\u00e1cil<\/em><\/p>\n<p><a href=\"https:\/\/drive.google.com\/open?id=14ErviA4fOR_5iQAlzvi0kagS38TDbXQE\" target=\"_blank\" rel=\"noopener\">DESCARGAR<\/a><\/p>\n","protected":false},"excerpt":{"rendered":"<p>Autor\u00eda: Oscar Garc\u00eda Mu\u00f1oz Edita: Ministerio de Educaci\u00f3n, Cultura y deporte A\u00f1o: 2014 &nbsp;<\/p>\n","protected":false},"author":1,"featured_media":0,"comment_status":"closed","ping_status":"closed","sticky":false,"template":"","format":"standard","meta":[],"categories":[12],"tags":[],"_links":{"self":[{"href":"https:\/\/creena.educacion.navarra.es\/web\/bvirtual\/wp-json\/wp\/v2\/posts\/475"}],"collection":[{"href":"https:\/\/creena.educacion.navarra.es\/web\/bvirtual\/wp-json\/wp\/v2\/posts"}],"about":[{"href":"https:\/\/creena.educacion.navarra.es\/web\/bvirtual\/wp-json\/wp\/v2\/types\/post"}],"author":[{"embeddable":true,"href":"https:\/\/creena.educacion.navarra.es\/web\/bvirtual\/wp-json\/wp\/v2\/users\/1"}],"replies":[{"embeddable":true,"href":"https:\/\/creena.educacion.navarra.es\/web\/bvirtual\/wp-json\/wp\/v2\/comments?post=475"}],"version-history":[{"count":4,"href":"https:\/\/creena.educacion.navarra.es\/web\/bvirtual\/wp-json\/wp\/v2\/posts\/475\/revisions"}],"predecessor-version":[{"id":480,"href":"https:\/\/creena.educacion.navarra.es\/web\/bvirtual\/wp-json\/wp\/v2\/posts\/475\/revisions\/480"}],"wp:attachment":[{"href":"https:\/\/creena.educacion.navarra.es\/web\/bvirtual\/wp-json\/wp\/v2\/media?parent=475"}],"wp:term":[{"taxonomy":"category","embeddable":true,"href":"https:\/\/creena.educacion.navarra.es\/web\/bvirtual\/wp-json\/wp\/v2\/categories?post=475"},{"taxonomy":"post_tag","embeddable":true,"href":"https:\/\/creena.educacion.navarra.es\/web\/bvirtual\/wp-json\/wp\/v2\/tags?post=475"}],"curies":[{"name":"wp","href":"https:\/\/api.w.org\/{rel}","templated":true}]}}