{"id":488,"date":"2018-06-08T09:50:00","date_gmt":"2018-06-08T09:50:00","guid":{"rendered":"http:\/\/creena.educacion.navarra.es\/web\/bvirtual\/?p=488"},"modified":"2018-06-08T09:53:31","modified_gmt":"2018-06-08T09:53:31","slug":"sin-ti-no-soy-nada-guia-util-para-mujeres","status":"publish","type":"post","link":"https:\/\/creena.educacion.navarra.es\/web\/bvirtual\/2018\/06\/08\/sin-ti-no-soy-nada-guia-util-para-mujeres\/","title":{"rendered":"\u00bfSin ti no soy nada? Gu\u00eda \u00fatil para mujeres"},"content":{"rendered":"<p><img loading=\"lazy\" class=\"alignleft wp-image-489\" src=\"http:\/\/creena.educacion.navarra.es\/web\/bvirtual\/wp-content\/uploads\/sites\/6\/2018\/06\/sintinosoy-212x300.png\" alt=\"\" width=\"160\" height=\"227\" srcset=\"https:\/\/creena.educacion.navarra.es\/web\/bvirtual\/wp-content\/uploads\/sites\/6\/2018\/06\/sintinosoy-212x300.png 212w, https:\/\/creena.educacion.navarra.es\/web\/bvirtual\/wp-content\/uploads\/sites\/6\/2018\/06\/sintinosoy.png 457w\" sizes=\"(max-width: 160px) 100vw, 160px\" \/>Edita:\u00a0<strong>Consejer\u00eda de Familia e Igualdad de Oportunidades de la Comunidad Aut\u00f3noma de la Regi\u00f3n de Murcia<\/strong><br \/>\nA\u00f1o: <strong>2017<\/strong><\/p>\n<p><!--more--><\/p>\n<p><em>Gu\u00eda para mujeres sobre la violencia de g\u00e9nero en \u00ablectura f\u00e1cil\u00bb\u00a0<\/em><\/p>\n<p><a href=\"https:\/\/drive.google.com\/open?id=1LYJ0Q7BvmemqgdrJWJwa5Snxxvl_srPJ\" target=\"_blank\" rel=\"noopener\">DESCARGA<\/a><\/p>\n","protected":false},"excerpt":{"rendered":"<p>Edita:\u00a0Consejer\u00eda de Familia e Igualdad de Oportunidades de la Comunidad Aut\u00f3noma de la Regi\u00f3n de Murcia A\u00f1o: 2017<\/p>\n","protected":false},"author":1,"featured_media":0,"comment_status":"closed","ping_status":"closed","sticky":false,"template":"","format":"standard","meta":[],"categories":[12],"tags":[],"_links":{"self":[{"href":"https:\/\/creena.educacion.navarra.es\/web\/bvirtual\/wp-json\/wp\/v2\/posts\/488"}],"collection":[{"href":"https:\/\/creena.educacion.navarra.es\/web\/bvirtual\/wp-json\/wp\/v2\/posts"}],"about":[{"href":"https:\/\/creena.educacion.navarra.es\/web\/bvirtual\/wp-json\/wp\/v2\/types\/post"}],"author":[{"embeddable":true,"href":"https:\/\/creena.educacion.navarra.es\/web\/bvirtual\/wp-json\/wp\/v2\/users\/1"}],"replies":[{"embeddable":true,"href":"https:\/\/creena.educacion.navarra.es\/web\/bvirtual\/wp-json\/wp\/v2\/comments?post=488"}],"version-history":[{"count":1,"href":"https:\/\/creena.educacion.navarra.es\/web\/bvirtual\/wp-json\/wp\/v2\/posts\/488\/revisions"}],"predecessor-version":[{"id":490,"href":"https:\/\/creena.educacion.navarra.es\/web\/bvirtual\/wp-json\/wp\/v2\/posts\/488\/revisions\/490"}],"wp:attachment":[{"href":"https:\/\/creena.educacion.navarra.es\/web\/bvirtual\/wp-json\/wp\/v2\/media?parent=488"}],"wp:term":[{"taxonomy":"category","embeddable":true,"href":"https:\/\/creena.educacion.navarra.es\/web\/bvirtual\/wp-json\/wp\/v2\/categories?post=488"},{"taxonomy":"post_tag","embeddable":true,"href":"https:\/\/creena.educacion.navarra.es\/web\/bvirtual\/wp-json\/wp\/v2\/tags?post=488"}],"curies":[{"name":"wp","href":"https:\/\/api.w.org\/{rel}","templated":true}]}}