{"id":491,"date":"2018-06-08T10:08:13","date_gmt":"2018-06-08T10:08:13","guid":{"rendered":"http:\/\/creena.educacion.navarra.es\/web\/bvirtual\/?p=491"},"modified":"2018-06-14T06:44:50","modified_gmt":"2018-06-14T06:44:50","slug":"guia-basica-de-educacion-vial","status":"publish","type":"post","link":"https:\/\/creena.educacion.navarra.es\/web\/bvirtual\/2018\/06\/08\/guia-basica-de-educacion-vial\/","title":{"rendered":"Gu\u00eda b\u00e1sica de educaci\u00f3n vial"},"content":{"rendered":"<p><img loading=\"lazy\" class=\"alignleft wp-image-492\" src=\"http:\/\/creena.educacion.navarra.es\/web\/bvirtual\/wp-content\/uploads\/sites\/6\/2018\/06\/guiabasica-213x300.png\" alt=\"\" width=\"160\" height=\"225\" srcset=\"https:\/\/creena.educacion.navarra.es\/web\/bvirtual\/wp-content\/uploads\/sites\/6\/2018\/06\/guiabasica-213x300.png 213w, https:\/\/creena.educacion.navarra.es\/web\/bvirtual\/wp-content\/uploads\/sites\/6\/2018\/06\/guiabasica.png 559w\" sizes=\"(max-width: 160px) 100vw, 160px\" \/>Autor\u00eda:\u00a0\u00a0<strong>Servicio Adapta \u2013 Plena Inclusi\u00f3n Madrid<\/strong><br \/>\nEdita: <strong>Alsa Grupo<\/strong><br \/>\nA\u00f1o: <strong>2017<\/strong><\/p>\n<p><!--more--><\/p>\n<p>Adaptaci\u00f3n en lectura f\u00e1cil de una gu\u00eda de educaci\u00f3n vial<\/p>\n<p><a href=\"https:\/\/drive.google.com\/open?id=1J8cisH13OtowkMCdTwYNUzsevXKRdL6m\" target=\"_blank\" rel=\"noopener\">DESCARGA<\/a><\/p>\n","protected":false},"excerpt":{"rendered":"<p>Autor\u00eda:\u00a0\u00a0Servicio Adapta \u2013 Plena Inclusi\u00f3n Madrid Edita: Alsa Grupo A\u00f1o: 2017<\/p>\n","protected":false},"author":1,"featured_media":0,"comment_status":"closed","ping_status":"closed","sticky":false,"template":"","format":"standard","meta":[],"categories":[12],"tags":[],"_links":{"self":[{"href":"https:\/\/creena.educacion.navarra.es\/web\/bvirtual\/wp-json\/wp\/v2\/posts\/491"}],"collection":[{"href":"https:\/\/creena.educacion.navarra.es\/web\/bvirtual\/wp-json\/wp\/v2\/posts"}],"about":[{"href":"https:\/\/creena.educacion.navarra.es\/web\/bvirtual\/wp-json\/wp\/v2\/types\/post"}],"author":[{"embeddable":true,"href":"https:\/\/creena.educacion.navarra.es\/web\/bvirtual\/wp-json\/wp\/v2\/users\/1"}],"replies":[{"embeddable":true,"href":"https:\/\/creena.educacion.navarra.es\/web\/bvirtual\/wp-json\/wp\/v2\/comments?post=491"}],"version-history":[{"count":2,"href":"https:\/\/creena.educacion.navarra.es\/web\/bvirtual\/wp-json\/wp\/v2\/posts\/491\/revisions"}],"predecessor-version":[{"id":494,"href":"https:\/\/creena.educacion.navarra.es\/web\/bvirtual\/wp-json\/wp\/v2\/posts\/491\/revisions\/494"}],"wp:attachment":[{"href":"https:\/\/creena.educacion.navarra.es\/web\/bvirtual\/wp-json\/wp\/v2\/media?parent=491"}],"wp:term":[{"taxonomy":"category","embeddable":true,"href":"https:\/\/creena.educacion.navarra.es\/web\/bvirtual\/wp-json\/wp\/v2\/categories?post=491"},{"taxonomy":"post_tag","embeddable":true,"href":"https:\/\/creena.educacion.navarra.es\/web\/bvirtual\/wp-json\/wp\/v2\/tags?post=491"}],"curies":[{"name":"wp","href":"https:\/\/api.w.org\/{rel}","templated":true}]}}