{"id":685,"date":"2018-06-18T10:19:34","date_gmt":"2018-06-18T10:19:34","guid":{"rendered":"http:\/\/creena.educacion.navarra.es\/web\/bvirtual\/?p=685"},"modified":"2018-06-18T10:20:37","modified_gmt":"2018-06-18T10:20:37","slug":"actualizacion-en-dislexia-del-desarrollo","status":"publish","type":"post","link":"https:\/\/creena.educacion.navarra.es\/web\/bvirtual\/2018\/06\/18\/actualizacion-en-dislexia-del-desarrollo\/","title":{"rendered":"Actualizaci\u00f3n en dislexia del desarrollo"},"content":{"rendered":"<p><img loading=\"lazy\" class=\"alignleft wp-image-686\" src=\"http:\/\/creena.educacion.navarra.es\/web\/bvirtual\/wp-content\/uploads\/sites\/6\/2018\/06\/actualizacion-259x300.png\" alt=\"\" width=\"160\" height=\"185\" srcset=\"https:\/\/creena.educacion.navarra.es\/web\/bvirtual\/wp-content\/uploads\/sites\/6\/2018\/06\/actualizacion-259x300.png 259w, https:\/\/creena.educacion.navarra.es\/web\/bvirtual\/wp-content\/uploads\/sites\/6\/2018\/06\/actualizacion.png 672w\" sizes=\"(max-width: 160px) 100vw, 160px\" \/>Autor\u00eda:\u00a0<strong>Francisco Rom\u00e1n Lapuente (coord)<\/strong><br \/>\nEdita: <strong>Regi\u00f3n de Murcia.\u00a0Consejer\u00eda de Educaci\u00f3n, Ciencia e Investigaci\u00f3n<\/strong><br \/>\nA\u00f1o:\u00a0 <strong>2008<\/strong><\/p>\n<p>&nbsp;<\/p>\n<p><!--more--><\/p>\n<p><em>PRESENTACI\u00d3N<\/em><br \/>\n<em>PARTE I: COMPRENDIENDO LA NATURALEZA DE LA DISLEXIA<\/em><br \/>\n<em>DEL DESARROLLO\u00a0<\/em><br \/>\n<em>I.1. Qu\u00e9 se entiende por Dislexia del Desarrollo\u00a0<\/em><br \/>\n<em>I.2. Consideraciones generales de la D.D. .<\/em><br \/>\n<em>I.3. Principales teor\u00edas explicativas de la Dislexia del Desarrollo .<\/em><br \/>\n<em>I.4. Bases biol\u00f3gicas de la D.D. .<\/em><br \/>\n<em>I.5. Resumen\u00a0<\/em><br \/>\n<em>I.6. Bibliograf\u00eda b\u00e1sica .<\/em><br \/>\n<em>PARTE II: IDENTIFICACI\u00d3N DEL NI\u00d1O CON DISLEXIA DEL DESARROLLO<\/em><br \/>\n<em>II.1. Consideraciones generales\u00a0<\/em><br \/>\n<em>II.2. El caso de Luis\u00a0<\/em><br \/>\n<em>II.3. Evaluaci\u00f3n Psicopedag\u00f3gica\u00a0<\/em><br \/>\n<em>II.4. Primeros indicios de posible D.D.\u00a0<\/em><br \/>\n<em>II.5. Evaluaci\u00f3n Neuropsicol\u00f3gica<\/em><br \/>\n<em>II.6. Integraci\u00f3n de los datos: perfil del alumno<\/em><br \/>\n<em>II.7. Resumen\u00a0<\/em><br \/>\n<em>II.8. Bibliograf\u00eda b\u00e1sica\u00a0<\/em><br \/>\n<em>PARTE III: ORIENTACIONES PARA LA INTERVENCI\u00d3N EDUCATIVA<\/em><br \/>\n<em>III.1. Consideraciones generales\u00a0<\/em><br \/>\n<em>III.2. Estrategias de intervenci\u00f3n preventiva\u00a0<\/em><br \/>\n<em>III.3. Estrategias de intervenci\u00f3n \u201ccurativa\u201d o de mejora .<\/em><br \/>\n<em>III.4. Estrategias de intervenci\u00f3n compensatoria o paliativa\u00a0<\/em><br \/>\n<em>III.5. Respuesta educativa<\/em><br \/>\n<em>III.6. Resumen\u00a0<\/em><br \/>\n<em>III.7. Bibliograf\u00eda b\u00e1sica<\/em><br \/>\n<em>ANEXO I: PROTOCOLO DE IDENTIFICACI\u00d3N DE NI\u00d1OS CON\u00a0DISLEXIA DEL DESARROLLO<\/em><\/p>\n<p><a href=\"https:\/\/drive.google.com\/open?id=1A9gj7VU-JtpoLNKbIlR1nG2BMNfjrO9y\" target=\"_blank\" rel=\"noopener\">DESCARGAR<\/a><\/p>\n","protected":false},"excerpt":{"rendered":"<p>Autor\u00eda:\u00a0Francisco Rom\u00e1n Lapuente (coord) Edita: Regi\u00f3n de Murcia.\u00a0Consejer\u00eda de Educaci\u00f3n, Ciencia e Investigaci\u00f3n A\u00f1o:\u00a0 2008 &nbsp;<\/p>\n","protected":false},"author":1,"featured_media":0,"comment_status":"closed","ping_status":"closed","sticky":false,"template":"","format":"standard","meta":[],"categories":[19],"tags":[],"_links":{"self":[{"href":"https:\/\/creena.educacion.navarra.es\/web\/bvirtual\/wp-json\/wp\/v2\/posts\/685"}],"collection":[{"href":"https:\/\/creena.educacion.navarra.es\/web\/bvirtual\/wp-json\/wp\/v2\/posts"}],"about":[{"href":"https:\/\/creena.educacion.navarra.es\/web\/bvirtual\/wp-json\/wp\/v2\/types\/post"}],"author":[{"embeddable":true,"href":"https:\/\/creena.educacion.navarra.es\/web\/bvirtual\/wp-json\/wp\/v2\/users\/1"}],"replies":[{"embeddable":true,"href":"https:\/\/creena.educacion.navarra.es\/web\/bvirtual\/wp-json\/wp\/v2\/comments?post=685"}],"version-history":[{"count":2,"href":"https:\/\/creena.educacion.navarra.es\/web\/bvirtual\/wp-json\/wp\/v2\/posts\/685\/revisions"}],"predecessor-version":[{"id":689,"href":"https:\/\/creena.educacion.navarra.es\/web\/bvirtual\/wp-json\/wp\/v2\/posts\/685\/revisions\/689"}],"wp:attachment":[{"href":"https:\/\/creena.educacion.navarra.es\/web\/bvirtual\/wp-json\/wp\/v2\/media?parent=685"}],"wp:term":[{"taxonomy":"category","embeddable":true,"href":"https:\/\/creena.educacion.navarra.es\/web\/bvirtual\/wp-json\/wp\/v2\/categories?post=685"},{"taxonomy":"post_tag","embeddable":true,"href":"https:\/\/creena.educacion.navarra.es\/web\/bvirtual\/wp-json\/wp\/v2\/tags?post=685"}],"curies":[{"name":"wp","href":"https:\/\/api.w.org\/{rel}","templated":true}]}}