{"id":742,"date":"2018-06-19T11:53:48","date_gmt":"2018-06-19T11:53:48","guid":{"rendered":"http:\/\/creena.educacion.navarra.es\/web\/bvirtual\/?p=742"},"modified":"2018-06-19T11:54:07","modified_gmt":"2018-06-19T11:54:07","slug":"la-inclusion-educativa-del-alumnado-con-discapacidad-visual","status":"publish","type":"post","link":"https:\/\/creena.educacion.navarra.es\/web\/bvirtual\/2018\/06\/19\/la-inclusion-educativa-del-alumnado-con-discapacidad-visual\/","title":{"rendered":"La inclusi\u00f3n educativa del alumnado con discapacidad visual"},"content":{"rendered":"<p><img loading=\"lazy\" class=\"alignleft wp-image-743\" src=\"http:\/\/creena.educacion.navarra.es\/web\/bvirtual\/wp-content\/uploads\/sites\/6\/2018\/06\/lainclusion-213x300.png\" alt=\"\" width=\"160\" height=\"226\" srcset=\"https:\/\/creena.educacion.navarra.es\/web\/bvirtual\/wp-content\/uploads\/sites\/6\/2018\/06\/lainclusion-213x300.png 213w, https:\/\/creena.educacion.navarra.es\/web\/bvirtual\/wp-content\/uploads\/sites\/6\/2018\/06\/lainclusion.png 463w\" sizes=\"(max-width: 160px) 100vw, 160px\" \/>Autor\u00eda:\u00a0<strong>M\u00aa Carmen Couto Barros (coord)<\/strong><br \/>\nEdita:\u00a0<strong>Eusko Jaurlaritzaren Argitalpen Zerbitzu Nagusia\/ Servicio Central de Publicaciones del Gobierno Vasco<\/strong><br \/>\nA\u00f1o: <strong>2016<\/strong><\/p>\n<p><!--more--><\/p>\n<ol>\n<li><em>Introducci\u00f3n<\/em><\/li>\n<li><em>Centro educativo: medidas y estrategias para la respuesta educativa<\/em><br \/>\n<em>al alumnado con discapacidad visual<\/em><\/p>\n<ol>\n<li><em>La atenci\u00f3n a la diversidad: concreci\u00f3n\u00a0en los diferentes proyectos institucionales de centro<\/em><\/li>\n<\/ol>\n<\/li>\n<li><em>El curriculum para la inclusi\u00f3n educativa del alumnado\u00a0con discapacidad visual<\/em>\n<ol>\n<li><em>Contribuci\u00f3n al logro de las competencias b\u00e1sicas<\/em><\/li>\n<li><em>Atenci\u00f3n al alumnado con discapacidad visual en el centro educativo<\/em><\/li>\n<\/ol>\n<\/li>\n<li><em>La discapacidad visual<\/em>\n<ol>\n<li><em>Necesidades educativas especiales derivadas de la discapacidad visual<\/em><\/li>\n<li><em>Implicaciones educativas de la discapacidad visual<\/em><\/li>\n<\/ol>\n<\/li>\n<li><em>La respuesta educativa al alumnado con discapacidad visual en la etapa\u00a0de Educaci\u00f3n Infantil.<\/em>\n<ol>\n<li><em>Desarrollo en el ni\u00f1o o la ni\u00f1a. Primeras implicaciones educativas.<\/em><\/li>\n<li><em>Necesidades y respuesta educativa<\/em><\/li>\n<\/ol>\n<\/li>\n<li><em>Educaci\u00f3n B\u00e1sica: orientaciones para el logro de las competencias b\u00e1sicas<\/em><br \/>\n<em>en la respuesta educativa al alumnado con discapacidad visual<\/em><\/p>\n<ol>\n<li><em>Competencia para aprender a aprender\u00a0y para pensar<\/em><\/li>\n<li><em>Competencia para la comunicaci\u00f3n verbal,<\/em><br \/>\n<em>no verbal y digital<\/em><\/li>\n<li><em>Competencia para convivir<\/em><\/li>\n<li><em>Competencia para aprender a ser<\/em><\/li>\n<li><em>Competencia para la iniciativa y el esp\u00edritu emprendedor\u00a0<\/em><\/li>\n<li><em>Competencia en comunicaci\u00f3n ling\u00fc\u00edstica y literaria<\/em><\/li>\n<li><em>Competencia matem\u00e1tica<\/em><\/li>\n<li><em>Competencia cient\u00edfica<\/em><\/li>\n<li><em>Competencia tecnol\u00f3gica <\/em><\/li>\n<li><em>Competencia art\u00edstica<\/em><\/li>\n<li><em>\u00a0Competencia motriz<\/em><\/li>\n<li><em>Competencia social y c\u00edvica<\/em><\/li>\n<\/ol>\n<\/li>\n<\/ol>\n<p><em>Anexos<\/em><\/p>\n<ul>\n<li><em>I. Glosario de t\u00e9rminos<\/em><\/li>\n<li><em>II. Sistema Braille y signograf\u00eda b\u00e1sica\u00a0<\/em><\/li>\n<li><em>III. Enlaces y direcciones de inter\u00e9s.<\/em><\/li>\n<li><em>IV. Bibliograf\u00eda recomendada\u00a0<\/em><\/li>\n<\/ul>\n<p><a href=\"https:\/\/drive.google.com\/open?id=1vMBQHVlZNAZDkS0IrvCBcTXqORiDHtZv\" target=\"_blank\" rel=\"noopener\">DESCARGA<\/a><\/p>\n","protected":false},"excerpt":{"rendered":"<p>Autor\u00eda:\u00a0M\u00aa Carmen Couto Barros (coord) Edita:\u00a0Eusko Jaurlaritzaren Argitalpen Zerbitzu Nagusia\/ Servicio Central de Publicaciones del Gobierno Vasco A\u00f1o: 2016<\/p>\n","protected":false},"author":1,"featured_media":0,"comment_status":"closed","ping_status":"closed","sticky":false,"template":"","format":"standard","meta":[],"categories":[20],"tags":[],"_links":{"self":[{"href":"https:\/\/creena.educacion.navarra.es\/web\/bvirtual\/wp-json\/wp\/v2\/posts\/742"}],"collection":[{"href":"https:\/\/creena.educacion.navarra.es\/web\/bvirtual\/wp-json\/wp\/v2\/posts"}],"about":[{"href":"https:\/\/creena.educacion.navarra.es\/web\/bvirtual\/wp-json\/wp\/v2\/types\/post"}],"author":[{"embeddable":true,"href":"https:\/\/creena.educacion.navarra.es\/web\/bvirtual\/wp-json\/wp\/v2\/users\/1"}],"replies":[{"embeddable":true,"href":"https:\/\/creena.educacion.navarra.es\/web\/bvirtual\/wp-json\/wp\/v2\/comments?post=742"}],"version-history":[{"count":2,"href":"https:\/\/creena.educacion.navarra.es\/web\/bvirtual\/wp-json\/wp\/v2\/posts\/742\/revisions"}],"predecessor-version":[{"id":745,"href":"https:\/\/creena.educacion.navarra.es\/web\/bvirtual\/wp-json\/wp\/v2\/posts\/742\/revisions\/745"}],"wp:attachment":[{"href":"https:\/\/creena.educacion.navarra.es\/web\/bvirtual\/wp-json\/wp\/v2\/media?parent=742"}],"wp:term":[{"taxonomy":"category","embeddable":true,"href":"https:\/\/creena.educacion.navarra.es\/web\/bvirtual\/wp-json\/wp\/v2\/categories?post=742"},{"taxonomy":"post_tag","embeddable":true,"href":"https:\/\/creena.educacion.navarra.es\/web\/bvirtual\/wp-json\/wp\/v2\/tags?post=742"}],"curies":[{"name":"wp","href":"https:\/\/api.w.org\/{rel}","templated":true}]}}