{"id":18115,"date":"2024-11-06T08:48:00","date_gmt":"2024-11-06T07:48:00","guid":{"rendered":"https:\/\/creena.educacion.navarra.es\/web\/?p=18115"},"modified":"2026-02-19T08:47:53","modified_gmt":"2026-02-19T07:47:53","slug":"autinomia-pertsonaleko-eta-gizarte-integrazioko-programa","status":"publish","type":"post","link":"https:\/\/creena.educacion.navarra.es\/web\/eu\/2024\/11\/06\/autinomia-pertsonaleko-eta-gizarte-integrazioko-programa\/","title":{"rendered":"Autonomia Pertsonaleko eta Gizarte Integrazioko Programa"},"content":{"rendered":"\n<p>El <strong>Especialista de Apoyo Educativo es un recurso de apoyo<\/strong>, cuyo objetivo es facilitar el desarrollo de la autonom\u00eda personal y el acceso al curr\u00edculo.<\/p>\n\n<p>Sus intervenciones se concretan en el &#8220;<strong><em>Programa de Autonom\u00eda Personal e Integraci\u00f3n Social<\/em><\/strong>&#8220;.<\/p>\n\n<p><em>Se adjunta el documento<strong>\u00a0\u201cPrograma de Autonom\u00eda Personal e Integraci\u00f3n Social 25-26\u201d,\u00a0<\/strong>que debe remitirse del 15 de marzo, a trav\u00e9s de un <strong>formulario Google<\/strong> al que se accede en el siguiente enlace:<\/em><\/p>\n\n<ul><li><a rel=\"noreferrer noopener\" href=\"https:\/\/docs.google.com\/document\/d\/1fPAtD1iw9HstyKpSPDuC94XiUxaI-I7ktRIszXfw35c\/edit?usp=drive_link\" target=\"_blank\">PROGRAMA DE AUTONOM\u00cdA E INTEGRACI\u00d3N SOCIAL 25-26<\/a><\/li><li><a rel=\"noreferrer noopener\" href=\"https:\/\/docs.google.com\/document\/d\/1Vfjj4XNiOWXvWgTf06ovaPuguBEQkmKRKGN84zg4F3o\/edit?usp=drive_link\" target=\"_blank\">AUTONOMIA PERTSONALEKO ETA GIZARTE INTEGRAZIOKO PROGRAMA 25-26<\/a><\/li><li><a rel=\"noreferrer noopener\" href=\"https:\/\/docs.google.com\/forms\/d\/e\/1FAIpQLScw73tB53RfPRpjUtGA25Owfgo00pT5zvNCzYcqia3q1P_HAw\/viewform\" target=\"_blank\">Formulario Programa de Autonom\u00eda Personal e Integraci\u00f3n Social 25-26\/ Autonomia pertsonaleko eta gizarte integrazioko programa <\/a>(centros p\u00fablicos)<\/li><li><a href=\"https:\/\/docs.google.com\/forms\/d\/e\/1FAIpQLScUHqKPxtX4v29LFvOaXbR8kigPBQ1_wTaOfTv5zKCKoFETig\/viewform\" target=\"_blank\" rel=\"noreferrer noopener\">Formulario Programa de Autonom\u00eda Personal e Integraci\u00f3n Social 25-26\/ Autonomia pertsonaleko eta gizarte integrazioko programa<\/a> (centros concertados)<\/li><\/ul>\n<p><\/p>\n","protected":false},"excerpt":{"rendered":"<p>El Especialista de Apoyo Educativo es un recurso de apoyo, cuyo objetivo es facilitar el desarrollo de la autonom\u00eda personal y el acceso al curr\u00edculo. Sus intervenciones se concretan en el &#8220;Programa de Autonom\u00eda Personal e Integraci\u00f3n Social&#8220;. Se adjunta el documento\u00a0\u201cPrograma de Autonom\u00eda Personal e Integraci\u00f3n Social 25-26\u201d,\u00a0que debe remitirse del 15 de marzo, [&hellip;]<\/p>\n","protected":false},"author":1,"featured_media":3703,"comment_status":"open","ping_status":"open","sticky":false,"template":"","format":"standard","meta":{"_genesis_hide_title":false,"_genesis_hide_breadcrumbs":false,"_genesis_hide_singular_image":false,"_genesis_hide_footer_widgets":false,"_genesis_custom_body_class":"","_genesis_custom_post_class":"","_genesis_layout":""},"categories":[6],"tags":[],"_links":{"self":[{"href":"https:\/\/creena.educacion.navarra.es\/web\/eu\/wp-json\/wp\/v2\/posts\/18115"}],"collection":[{"href":"https:\/\/creena.educacion.navarra.es\/web\/eu\/wp-json\/wp\/v2\/posts"}],"about":[{"href":"https:\/\/creena.educacion.navarra.es\/web\/eu\/wp-json\/wp\/v2\/types\/post"}],"author":[{"embeddable":true,"href":"https:\/\/creena.educacion.navarra.es\/web\/eu\/wp-json\/wp\/v2\/users\/1"}],"replies":[{"embeddable":true,"href":"https:\/\/creena.educacion.navarra.es\/web\/eu\/wp-json\/wp\/v2\/comments?post=18115"}],"version-history":[{"count":20,"href":"https:\/\/creena.educacion.navarra.es\/web\/eu\/wp-json\/wp\/v2\/posts\/18115\/revisions"}],"predecessor-version":[{"id":19589,"href":"https:\/\/creena.educacion.navarra.es\/web\/eu\/wp-json\/wp\/v2\/posts\/18115\/revisions\/19589"}],"wp:featuredmedia":[{"embeddable":true,"href":"https:\/\/creena.educacion.navarra.es\/web\/eu\/wp-json\/wp\/v2\/media\/3703"}],"wp:attachment":[{"href":"https:\/\/creena.educacion.navarra.es\/web\/eu\/wp-json\/wp\/v2\/media?parent=18115"}],"wp:term":[{"taxonomy":"category","embeddable":true,"href":"https:\/\/creena.educacion.navarra.es\/web\/eu\/wp-json\/wp\/v2\/categories?post=18115"},{"taxonomy":"post_tag","embeddable":true,"href":"https:\/\/creena.educacion.navarra.es\/web\/eu\/wp-json\/wp\/v2\/tags?post=18115"}],"curies":[{"name":"wp","href":"https:\/\/api.w.org\/{rel}","templated":true}]}}