{"id":1068,"date":"2016-09-08T10:08:20","date_gmt":"2016-09-08T10:08:20","guid":{"rendered":"https:\/\/creenasensibilizacion.wordpress.com\/?p=1068"},"modified":"2016-12-20T08:45:51","modified_gmt":"2016-12-20T07:45:51","slug":"ni-mas-ni-menos","status":"publish","type":"post","link":"https:\/\/creena.educacion.navarra.es\/web\/guiasensibilizacion\/2016\/09\/08\/ni-mas-ni-menos\/","title":{"rendered":"Ni m\u00e1s ni menos"},"content":{"rendered":"<div><strong>\u00a0Autor:\u00a0<\/strong>Montserrat Gra\u00f1eras (Coord). Luz Mart\u00ednez Ten, Carmen Vieites<\/div>\n<div class=\"listado_titulo\">\n<div class=\"listado_detalle\">\n<div class=\"listado_detalle_titulo\"><strong>Editorial:\u00a0<\/strong>FETE-UGT<strong><img loading=\"lazy\" class=\" wp-image-1073 alignright\" src=\"http:\/\/creena.educacion.navarra.es\/web\/guiasensibilizacion\/wp-content\/uploads\/sites\/2\/2016\/09\/nimasnicatala.jpg\" alt=\"nimasnicatala\" width=\"174\" height=\"240\" \/><\/strong><\/div>\n<\/div>\n<div class=\"listado_detalle\">\n<div class=\"listado_detalle_titulo\"><strong>Tema:\u00a0\u00a0<\/strong><\/div>\n<\/div>\n<div class=\"listado_detalle\">\n<div class=\"listado_detalle_titulo\"><strong>Resumen:<\/strong>\u00a0Este es un cuento que explica la discapacidad a las ni\u00f1as y ni\u00f1os para trabajar la diversidad en el aula. Pretende darnos una visi\u00f3n desde la perspectiva de que cada uno somos personas diferentes y \u00fanicas, por ello debemos ser respetuosos unos con otros, pues todos tenemos nuestros propios derechos.<\/div>\n<\/div>\n<div class=\"listado_detalle\">\n<div class=\"listado_detalle_titulo\"><strong>A\u00f1o:\u00a0<\/strong>2009<\/div>\n<\/div>\n<div class=\"listado_detalle\">\n<div class=\"listado_detalle_titulo\"><strong>ISBN:\u00a0<\/strong><\/div>\n<\/div>\n<div class=\"listado_detalle\">\n<div class=\"listado_detalle_titulo\"><strong>Edad:\u00a0<\/strong><\/div>\n<\/div>\n<div class=\"listado_detalle\">\n<div class=\"listado_detalle_titulo\"><strong>Formato:<\/strong>\u00a0Pdf descargable<\/div>\n<\/div>\n<div class=\"listado_detalle\">\n<div class=\"listado_detalle_titulo\"><strong>Enlace: <a href=\"http:\/\/bibliowebfeteugt.es\/?ddownload=568\" target=\"_blank\">CASTELLANO<\/a><\/strong><\/div>\n<div class=\"listado_detalle_titulo\"><\/div>\n<\/div>\n<\/div>\n","protected":false},"excerpt":{"rendered":"<p>\u00a0Autor:\u00a0Montserrat Gra\u00f1eras (Coord). Luz Mart\u00ednez Ten, Carmen Vieites Editorial:\u00a0FETE-UGT Tema:\u00a0\u00a0 Resumen:\u00a0Este es un cuento que explica la discapacidad a las ni\u00f1as y ni\u00f1os para trabajar la diversidad en el aula. Pretende darnos una visi\u00f3n desde la perspectiva de que cada &hellip; <a href=\"https:\/\/creena.educacion.navarra.es\/web\/guiasensibilizacion\/2016\/09\/08\/ni-mas-ni-menos\/\">Sigue leyendo <span class=\"meta-nav\">&rarr;<\/span><\/a><\/p>\n","protected":false},"author":1,"featured_media":0,"comment_status":"closed","ping_status":"closed","sticky":false,"template":"","format":"standard","meta":[],"categories":[22],"tags":[5,7],"_links":{"self":[{"href":"https:\/\/creena.educacion.navarra.es\/web\/guiasensibilizacion\/wp-json\/wp\/v2\/posts\/1068"}],"collection":[{"href":"https:\/\/creena.educacion.navarra.es\/web\/guiasensibilizacion\/wp-json\/wp\/v2\/posts"}],"about":[{"href":"https:\/\/creena.educacion.navarra.es\/web\/guiasensibilizacion\/wp-json\/wp\/v2\/types\/post"}],"author":[{"embeddable":true,"href":"https:\/\/creena.educacion.navarra.es\/web\/guiasensibilizacion\/wp-json\/wp\/v2\/users\/1"}],"replies":[{"embeddable":true,"href":"https:\/\/creena.educacion.navarra.es\/web\/guiasensibilizacion\/wp-json\/wp\/v2\/comments?post=1068"}],"version-history":[{"count":1,"href":"https:\/\/creena.educacion.navarra.es\/web\/guiasensibilizacion\/wp-json\/wp\/v2\/posts\/1068\/revisions"}],"predecessor-version":[{"id":1885,"href":"https:\/\/creena.educacion.navarra.es\/web\/guiasensibilizacion\/wp-json\/wp\/v2\/posts\/1068\/revisions\/1885"}],"wp:attachment":[{"href":"https:\/\/creena.educacion.navarra.es\/web\/guiasensibilizacion\/wp-json\/wp\/v2\/media?parent=1068"}],"wp:term":[{"taxonomy":"category","embeddable":true,"href":"https:\/\/creena.educacion.navarra.es\/web\/guiasensibilizacion\/wp-json\/wp\/v2\/categories?post=1068"},{"taxonomy":"post_tag","embeddable":true,"href":"https:\/\/creena.educacion.navarra.es\/web\/guiasensibilizacion\/wp-json\/wp\/v2\/tags?post=1068"}],"curies":[{"name":"wp","href":"https:\/\/api.w.org\/{rel}","templated":true}]}}