{"id":1492,"date":"2016-09-09T10:25:17","date_gmt":"2016-09-09T10:25:17","guid":{"rendered":"https:\/\/creenasensibilizacion.wordpress.com\/?p=1492"},"modified":"2016-12-20T10:26:33","modified_gmt":"2016-12-20T09:26:33","slug":"el-chico-fantasma","status":"publish","type":"post","link":"https:\/\/creena.educacion.navarra.es\/web\/guiasensibilizacion\/2016\/09\/09\/el-chico-fantasma\/","title":{"rendered":"El chico fantasma"},"content":{"rendered":"<div class=\"listado_detalle\">\n<div class=\"listado_detalle_titulo\"><strong>Autor:<\/strong>\u00a0Lawerence, Iain<img loading=\"lazy\" class=\" wp-image-1498 alignright\" src=\"http:\/\/creena.educacion.navarra.es\/web\/guiasensibilizacion\/wp-content\/uploads\/sites\/2\/2016\/09\/el_chico_fantasma-lawrence_iain-9788434891234.jpg\" alt=\"el_chico_fantasma-lawrence_iain-9788434891234\" width=\"175\" height=\"282\" srcset=\"https:\/\/creena.educacion.navarra.es\/web\/guiasensibilizacion\/wp-content\/uploads\/sites\/2\/2016\/09\/el_chico_fantasma-lawrence_iain-9788434891234.jpg 372w, https:\/\/creena.educacion.navarra.es\/web\/guiasensibilizacion\/wp-content\/uploads\/sites\/2\/2016\/09\/el_chico_fantasma-lawrence_iain-9788434891234-186x300.jpg 186w\" sizes=\"(max-width: 175px) 100vw, 175px\" \/><\/div>\n<\/div>\n<div class=\"listado_detalle\">\n<div class=\"listado_detalle_titulo\"><strong>Editorial:\u00a0<\/strong>SM. Colecci\u00f3n Gran Angular, 238<\/div>\n<\/div>\n<div class=\"listado_detalle\">\n<div class=\"listado_detalle_titulo\"><strong>Tema:\u00a0<\/strong><\/div>\n<\/div>\n<div class=\"listado_detalle\">\n<div class=\"listado_detalle_titulo\"><strong>Resumen:<\/strong>\u00a0Harold se siente discriminado por el color de su piel: es demasiado blanco y todos se meten con \u00e9l porque parece un fantasma. Un d\u00eda decide unirse al circo que pasa por su pueblo, ya que cree que entre gente de aspecto \u00abraro\u00bb puede llegar a encajar. All\u00ed descubrir\u00e1 que siempre hay gente que se\u00f1ala y margina a los que son diferentes; y que los verdaderos monstruos lo son por dentro, bajo un aspecto normal e incluso atractivo. <strong>N\u00famero de p\u00e1ginas:<\/strong> 254<\/div>\n<\/div>\n<div class=\"listado_detalle\">\n<div class=\"listado_detalle_titulo\"><strong>A\u00f1o:<\/strong>\u00a02002<\/div>\n<\/div>\n<div class=\"listado_detalle\">\n<div class=\"listado_detalle_titulo\"><strong>ISBN:\u00a0<\/strong>978-84-348-9123-4<\/div>\n<\/div>\n<div class=\"listado_detalle\">\n<div class=\"listado_detalle_titulo\"><strong>Edad:\u00a0\u00a0<\/strong><\/div>\n<\/div>\n<div class=\"listado_detalle\"><\/div>\n<div class=\"listado_detalle\">\n<div class=\"listado_detalle_titulo\"><strong>Formato:<\/strong> papel<\/div>\n<\/div>\n","protected":false},"excerpt":{"rendered":"<p>Autor:\u00a0Lawerence, Iain Editorial:\u00a0SM. Colecci\u00f3n Gran Angular, 238 Tema:\u00a0 Resumen:\u00a0Harold se siente discriminado por el color de su piel: es demasiado blanco y todos se meten con \u00e9l porque parece un fantasma. Un d\u00eda decide unirse al circo que pasa por &hellip; <a href=\"https:\/\/creena.educacion.navarra.es\/web\/guiasensibilizacion\/2016\/09\/09\/el-chico-fantasma\/\">Sigue leyendo <span class=\"meta-nav\">&rarr;<\/span><\/a><\/p>\n","protected":false},"author":1,"featured_media":0,"comment_status":"closed","ping_status":"closed","sticky":false,"template":"","format":"standard","meta":[],"categories":[30,25,22,31],"tags":[5,8],"_links":{"self":[{"href":"https:\/\/creena.educacion.navarra.es\/web\/guiasensibilizacion\/wp-json\/wp\/v2\/posts\/1492"}],"collection":[{"href":"https:\/\/creena.educacion.navarra.es\/web\/guiasensibilizacion\/wp-json\/wp\/v2\/posts"}],"about":[{"href":"https:\/\/creena.educacion.navarra.es\/web\/guiasensibilizacion\/wp-json\/wp\/v2\/types\/post"}],"author":[{"embeddable":true,"href":"https:\/\/creena.educacion.navarra.es\/web\/guiasensibilizacion\/wp-json\/wp\/v2\/users\/1"}],"replies":[{"embeddable":true,"href":"https:\/\/creena.educacion.navarra.es\/web\/guiasensibilizacion\/wp-json\/wp\/v2\/comments?post=1492"}],"version-history":[{"count":1,"href":"https:\/\/creena.educacion.navarra.es\/web\/guiasensibilizacion\/wp-json\/wp\/v2\/posts\/1492\/revisions"}],"predecessor-version":[{"id":1838,"href":"https:\/\/creena.educacion.navarra.es\/web\/guiasensibilizacion\/wp-json\/wp\/v2\/posts\/1492\/revisions\/1838"}],"wp:attachment":[{"href":"https:\/\/creena.educacion.navarra.es\/web\/guiasensibilizacion\/wp-json\/wp\/v2\/media?parent=1492"}],"wp:term":[{"taxonomy":"category","embeddable":true,"href":"https:\/\/creena.educacion.navarra.es\/web\/guiasensibilizacion\/wp-json\/wp\/v2\/categories?post=1492"},{"taxonomy":"post_tag","embeddable":true,"href":"https:\/\/creena.educacion.navarra.es\/web\/guiasensibilizacion\/wp-json\/wp\/v2\/tags?post=1492"}],"curies":[{"name":"wp","href":"https:\/\/api.w.org\/{rel}","templated":true}]}}