{"id":2071,"date":"2016-09-16T07:06:35","date_gmt":"2016-09-16T07:06:35","guid":{"rendered":"http:\/\/creena.educacion.navarra.es\/web\/guiasensibilizacion\/?p=2071"},"modified":"2016-09-16T07:06:35","modified_gmt":"2016-09-16T07:06:35","slug":"educacion-matematica-y-exclusion","status":"publish","type":"post","link":"https:\/\/creena.educacion.navarra.es\/web\/guiasensibilizacion\/2016\/09\/16\/educacion-matematica-y-exclusion\/","title":{"rendered":"Educaci\u00f3n matem\u00e1tica y exclusi\u00f3n"},"content":{"rendered":"<div class=\"listado_detalle\">\n<div class=\"listado_detalle_titulo2\"><strong>Autor<\/strong>:\u00a0VVAA<\/div>\n<\/div>\n<div class=\"listado_detalle\">\n<div class=\"listado_detalle_titulo2\"><strong>Editorial:<\/strong>\u00a0Gra\u00f3.<\/div>\n<\/div>\n<div class=\"listado_detalle\">\n<div class=\"listado_detalle_titulo2\"><strong>A\u00f1o<\/strong>:\u00a02007<img loading=\"lazy\" class=\"alignright\" src=\"http:\/\/pictures.abebooks.com\/isbn\/9788478275137-es-300.jpg\" alt=\"Resultado de imagen de Educaci\u00f3n matem\u00e1tica y exclusi\u00f3n.\" width=\"195\" height=\"276\" \/><\/div>\n<\/div>\n<div class=\"listado_detalle\">\n<div class=\"listado_detalle_titulo2\"><strong>ISBN:<\/strong>\u00a09788478275137<\/div>\n<\/div>\n<div class=\"listado_detalle\">\n<div class=\"listado_detalle_titulo\">Descripci\u00f3n: En los \u00faltimos a\u00f1os ha ido cambiando de forma acelerada la composici\u00f3n del alumnado de nuestras escuelas. La inmigraci\u00f3n ha dejado sentir sus efectos en unas aulas que a diario han devenido m\u00e1s diversas y cuyos matices debemos tener en cuenta para llevar a cabo nuestra labor docente. Este libro reflexiona sobre aquellos elementos que suelen constituirse en barreras a una ense\u00f1anza de las matem\u00e1ticas inclusiva, para todos, sin distinciones, y aprovecha para proponer pr\u00e1cticas pedag\u00f3gicas que superen las exclusiones siendo, a la vez, un punto de inicio para la inclusi\u00f3n.<\/div>\n<\/div>\n<p>&nbsp;<\/p>\n","protected":false},"excerpt":{"rendered":"<p>Autor:\u00a0VVAA Editorial:\u00a0Gra\u00f3. A\u00f1o:\u00a02007 ISBN:\u00a09788478275137 Descripci\u00f3n: En los \u00faltimos a\u00f1os ha ido cambiando de forma acelerada la composici\u00f3n del alumnado de nuestras escuelas. La inmigraci\u00f3n ha dejado sentir sus efectos en unas aulas que a diario han devenido m\u00e1s diversas y &hellip; <a href=\"https:\/\/creena.educacion.navarra.es\/web\/guiasensibilizacion\/2016\/09\/16\/educacion-matematica-y-exclusion\/\">Sigue leyendo <span class=\"meta-nav\">&rarr;<\/span><\/a><\/p>\n","protected":false},"author":1,"featured_media":0,"comment_status":"closed","ping_status":"open","sticky":false,"template":"","format":"standard","meta":[],"categories":[1],"tags":[],"_links":{"self":[{"href":"https:\/\/creena.educacion.navarra.es\/web\/guiasensibilizacion\/wp-json\/wp\/v2\/posts\/2071"}],"collection":[{"href":"https:\/\/creena.educacion.navarra.es\/web\/guiasensibilizacion\/wp-json\/wp\/v2\/posts"}],"about":[{"href":"https:\/\/creena.educacion.navarra.es\/web\/guiasensibilizacion\/wp-json\/wp\/v2\/types\/post"}],"author":[{"embeddable":true,"href":"https:\/\/creena.educacion.navarra.es\/web\/guiasensibilizacion\/wp-json\/wp\/v2\/users\/1"}],"replies":[{"embeddable":true,"href":"https:\/\/creena.educacion.navarra.es\/web\/guiasensibilizacion\/wp-json\/wp\/v2\/comments?post=2071"}],"version-history":[{"count":1,"href":"https:\/\/creena.educacion.navarra.es\/web\/guiasensibilizacion\/wp-json\/wp\/v2\/posts\/2071\/revisions"}],"predecessor-version":[{"id":2072,"href":"https:\/\/creena.educacion.navarra.es\/web\/guiasensibilizacion\/wp-json\/wp\/v2\/posts\/2071\/revisions\/2072"}],"wp:attachment":[{"href":"https:\/\/creena.educacion.navarra.es\/web\/guiasensibilizacion\/wp-json\/wp\/v2\/media?parent=2071"}],"wp:term":[{"taxonomy":"category","embeddable":true,"href":"https:\/\/creena.educacion.navarra.es\/web\/guiasensibilizacion\/wp-json\/wp\/v2\/categories?post=2071"},{"taxonomy":"post_tag","embeddable":true,"href":"https:\/\/creena.educacion.navarra.es\/web\/guiasensibilizacion\/wp-json\/wp\/v2\/tags?post=2071"}],"curies":[{"name":"wp","href":"https:\/\/api.w.org\/{rel}","templated":true}]}}