{"id":2170,"date":"2016-12-19T13:20:16","date_gmt":"2016-12-19T12:20:16","guid":{"rendered":"http:\/\/creena.educacion.navarra.es\/web\/guiasensibilizacion\/?p=2170"},"modified":"2016-12-19T13:20:16","modified_gmt":"2016-12-19T12:20:16","slug":"aitor-aviador","status":"publish","type":"post","link":"https:\/\/creena.educacion.navarra.es\/web\/guiasensibilizacion\/2016\/12\/19\/aitor-aviador\/","title":{"rendered":"Aitor AVIADOR"},"content":{"rendered":"<div class=\"listado_detalle\">\n<div class=\"listado_detalle_titulo\"><strong>Autor:<\/strong>\u00a0Eva Latonda<img loading=\"lazy\" class=\"size-medium wp-image-2171 alignleft\" src=\"http:\/\/creena.educacion.navarra.es\/web\/guiasensibilizacion\/wp-content\/uploads\/sites\/2\/2016\/12\/aitoraviador-300x300.png\" alt=\"\" width=\"300\" height=\"300\" srcset=\"https:\/\/creena.educacion.navarra.es\/web\/guiasensibilizacion\/wp-content\/uploads\/sites\/2\/2016\/12\/aitoraviador-300x300.png 300w, https:\/\/creena.educacion.navarra.es\/web\/guiasensibilizacion\/wp-content\/uploads\/sites\/2\/2016\/12\/aitoraviador-150x150.png 150w, https:\/\/creena.educacion.navarra.es\/web\/guiasensibilizacion\/wp-content\/uploads\/sites\/2\/2016\/12\/aitoraviador.png 435w\" sizes=\"(max-width: 300px) 100vw, 300px\" \/><\/div>\n<\/div>\n<div class=\"listado_detalle\">\n<div class=\"listado_detalle_titulo\"><strong>Editorial: <\/strong>ONCE<\/div>\n<\/div>\n<div class=\"listado_detalle\">\n<div class=\"listado_detalle_titulo\"><strong>Tema: <\/strong>TDHA<strong><br \/>\n<\/strong><\/div>\n<\/div>\n<div class=\"listado_detalle\">\n<div class=\"listado_detalle_titulo\"><strong>Resumen:<\/strong>\u00a0Las neuronas <span class=\"verde love t1\">llevan y traen mensajes a nuestro cerebro<\/span> como si de miles de carteros se tratasen. Para que el cerebro pueda ordenar toda esa informaci\u00f3n, existen unos \u00f3rganos <span class=\"naranja hotel t3\">muy sensibles<\/span> que lo coordinan todo.<\/div>\n<div class=\"listado_detalle_titulo\">Puede ocurrir que esos \u00f3rganos de coordinaci\u00f3n <span class=\"Ribeye verde t1\">no funcionen del todo bien<\/span>, por lo que la informaci\u00f3n <span class=\"naranja love t2\">va m\u00e1s lenta.<\/span> Cuando a un ni\u00f1o o a una ni\u00f1a le pasa esto, no puede concentrarse de igual manera que lo haces t\u00fa. Se distraen f\u00e1cilmente, son impulsivos y necesitan <span class=\"verde love t1\">moverse much\u00edsimo.<\/span><br \/>\n<strong>A\u00f1o:<\/strong>\u00a02011<\/div>\n<\/div>\n<div class=\"listado_detalle\">\n<div class=\"listado_detalle_titulo\"><strong>Edad<\/strong>: Primaria<\/div>\n<\/div>\n<div class=\"listado_detalle\">\n<div class=\"listado_detalle_titulo\"><strong>Formato:\u00a0<\/strong>online<a href=\"http:\/\/bibliotecainfantil.fundaciononce.es\/es\/cuentos\/aitor.html\" target=\"_blank\"><strong> ENLACE<\/strong><\/a><\/div>\n<\/div>\n<p>&nbsp;<\/p>\n","protected":false},"excerpt":{"rendered":"<p>Autor:\u00a0Eva Latonda Editorial: ONCE Tema: TDHA Resumen:\u00a0Las neuronas llevan y traen mensajes a nuestro cerebro como si de miles de carteros se tratasen. Para que el cerebro pueda ordenar toda esa informaci\u00f3n, existen unos \u00f3rganos muy sensibles que lo coordinan &hellip; <a href=\"https:\/\/creena.educacion.navarra.es\/web\/guiasensibilizacion\/2016\/12\/19\/aitor-aviador\/\">Sigue leyendo <span class=\"meta-nav\">&rarr;<\/span><\/a><\/p>\n","protected":false},"author":1,"featured_media":0,"comment_status":"closed","ping_status":"open","sticky":false,"template":"","format":"standard","meta":[],"categories":[14],"tags":[],"_links":{"self":[{"href":"https:\/\/creena.educacion.navarra.es\/web\/guiasensibilizacion\/wp-json\/wp\/v2\/posts\/2170"}],"collection":[{"href":"https:\/\/creena.educacion.navarra.es\/web\/guiasensibilizacion\/wp-json\/wp\/v2\/posts"}],"about":[{"href":"https:\/\/creena.educacion.navarra.es\/web\/guiasensibilizacion\/wp-json\/wp\/v2\/types\/post"}],"author":[{"embeddable":true,"href":"https:\/\/creena.educacion.navarra.es\/web\/guiasensibilizacion\/wp-json\/wp\/v2\/users\/1"}],"replies":[{"embeddable":true,"href":"https:\/\/creena.educacion.navarra.es\/web\/guiasensibilizacion\/wp-json\/wp\/v2\/comments?post=2170"}],"version-history":[{"count":1,"href":"https:\/\/creena.educacion.navarra.es\/web\/guiasensibilizacion\/wp-json\/wp\/v2\/posts\/2170\/revisions"}],"predecessor-version":[{"id":2172,"href":"https:\/\/creena.educacion.navarra.es\/web\/guiasensibilizacion\/wp-json\/wp\/v2\/posts\/2170\/revisions\/2172"}],"wp:attachment":[{"href":"https:\/\/creena.educacion.navarra.es\/web\/guiasensibilizacion\/wp-json\/wp\/v2\/media?parent=2170"}],"wp:term":[{"taxonomy":"category","embeddable":true,"href":"https:\/\/creena.educacion.navarra.es\/web\/guiasensibilizacion\/wp-json\/wp\/v2\/categories?post=2170"},{"taxonomy":"post_tag","embeddable":true,"href":"https:\/\/creena.educacion.navarra.es\/web\/guiasensibilizacion\/wp-json\/wp\/v2\/tags?post=2170"}],"curies":[{"name":"wp","href":"https:\/\/api.w.org\/{rel}","templated":true}]}}