{"id":2192,"date":"2016-12-19T13:54:33","date_gmt":"2016-12-19T12:54:33","guid":{"rendered":"http:\/\/creena.educacion.navarra.es\/web\/guiasensibilizacion\/?p=2192"},"modified":"2016-12-19T13:54:33","modified_gmt":"2016-12-19T12:54:33","slug":"pablo-garcia-policia","status":"publish","type":"post","link":"https:\/\/creena.educacion.navarra.es\/web\/guiasensibilizacion\/2016\/12\/19\/pablo-garcia-policia\/","title":{"rendered":"Pablo Garc\u00eda POLIC\u00cdA"},"content":{"rendered":"<p><img loading=\"lazy\" class=\"size-medium wp-image-2193 alignleft\" src=\"http:\/\/creena.educacion.navarra.es\/web\/guiasensibilizacion\/wp-content\/uploads\/sites\/2\/2016\/12\/pablopolicia-260x300.png\" alt=\"\" width=\"260\" height=\"300\" srcset=\"https:\/\/creena.educacion.navarra.es\/web\/guiasensibilizacion\/wp-content\/uploads\/sites\/2\/2016\/12\/pablopolicia-260x300.png 260w, https:\/\/creena.educacion.navarra.es\/web\/guiasensibilizacion\/wp-content\/uploads\/sites\/2\/2016\/12\/pablopolicia.png 382w\" sizes=\"(max-width: 260px) 100vw, 260px\" \/><\/p>\n<p><strong>Autor:<\/strong>\u00a0Eva Latonda<\/p>\n<p><strong>Editorial:<\/strong><strong>\u00a0<\/strong>ONCE<\/p>\n<p><strong>Tema: <\/strong>Acondroplasia<\/p>\n<p><strong>Resumen:<\/strong>\u00a0La acondroplasia es un trastorno gen\u00e9tico que afecta al crecimiento de algunos <span class=\"granateosc t3 love\">huesos<\/span> de nuestro cuerpo.<\/p>\n<p>Los huesos m\u00e1s largos del <span class=\"azulado t1 love\">esqueleto<\/span> no crecen todo lo que deben, as\u00ed que las personas con esta discapacidad son m\u00e1s bajitas<\/p>\n<p><strong>A\u00f1o:<\/strong>\u00a02011<\/p>\n<p><strong>Edad<\/strong>: Primaria<\/p>\n<p><strong>Formato:\u00a0<\/strong>online<strong>\u00a0<\/strong><a href=\"http:\/\/bibliotecainfantil.fundaciononce.es\/es\/cuentos\/pablo.html\" target=\"_blank\"><strong>ENLACE<\/strong><\/a><\/p>\n<p>&nbsp;<\/p>\n","protected":false},"excerpt":{"rendered":"<p>Autor:\u00a0Eva Latonda Editorial:\u00a0ONCE Tema: Acondroplasia Resumen:\u00a0La acondroplasia es un trastorno gen\u00e9tico que afecta al crecimiento de algunos huesos de nuestro cuerpo. Los huesos m\u00e1s largos del esqueleto no crecen todo lo que deben, as\u00ed que las personas con esta discapacidad &hellip; <a href=\"https:\/\/creena.educacion.navarra.es\/web\/guiasensibilizacion\/2016\/12\/19\/pablo-garcia-policia\/\">Sigue leyendo <span class=\"meta-nav\">&rarr;<\/span><\/a><\/p>\n","protected":false},"author":1,"featured_media":0,"comment_status":"closed","ping_status":"open","sticky":false,"template":"","format":"standard","meta":[],"categories":[19,12],"tags":[],"_links":{"self":[{"href":"https:\/\/creena.educacion.navarra.es\/web\/guiasensibilizacion\/wp-json\/wp\/v2\/posts\/2192"}],"collection":[{"href":"https:\/\/creena.educacion.navarra.es\/web\/guiasensibilizacion\/wp-json\/wp\/v2\/posts"}],"about":[{"href":"https:\/\/creena.educacion.navarra.es\/web\/guiasensibilizacion\/wp-json\/wp\/v2\/types\/post"}],"author":[{"embeddable":true,"href":"https:\/\/creena.educacion.navarra.es\/web\/guiasensibilizacion\/wp-json\/wp\/v2\/users\/1"}],"replies":[{"embeddable":true,"href":"https:\/\/creena.educacion.navarra.es\/web\/guiasensibilizacion\/wp-json\/wp\/v2\/comments?post=2192"}],"version-history":[{"count":1,"href":"https:\/\/creena.educacion.navarra.es\/web\/guiasensibilizacion\/wp-json\/wp\/v2\/posts\/2192\/revisions"}],"predecessor-version":[{"id":2194,"href":"https:\/\/creena.educacion.navarra.es\/web\/guiasensibilizacion\/wp-json\/wp\/v2\/posts\/2192\/revisions\/2194"}],"wp:attachment":[{"href":"https:\/\/creena.educacion.navarra.es\/web\/guiasensibilizacion\/wp-json\/wp\/v2\/media?parent=2192"}],"wp:term":[{"taxonomy":"category","embeddable":true,"href":"https:\/\/creena.educacion.navarra.es\/web\/guiasensibilizacion\/wp-json\/wp\/v2\/categories?post=2192"},{"taxonomy":"post_tag","embeddable":true,"href":"https:\/\/creena.educacion.navarra.es\/web\/guiasensibilizacion\/wp-json\/wp\/v2\/tags?post=2192"}],"curies":[{"name":"wp","href":"https:\/\/api.w.org\/{rel}","templated":true}]}}