{"id":2359,"date":"2019-02-25T13:10:54","date_gmt":"2019-02-25T12:10:54","guid":{"rendered":"http:\/\/creena.educacion.navarra.es\/web\/guiasensibilizacion\/?p=2359"},"modified":"2019-02-25T13:10:54","modified_gmt":"2019-02-25T12:10:54","slug":"que-grande-es-clara","status":"publish","type":"post","link":"https:\/\/creena.educacion.navarra.es\/web\/guiasensibilizacion\/2019\/02\/25\/que-grande-es-clara\/","title":{"rendered":"\u00a1Que grande es Clara!"},"content":{"rendered":"<div class=\"listado_detalle_titulo\"><strong>Autor:<\/strong>\u00a0Raquel Rib\u00f3<\/div>\n<div class=\"listado_detalle_titulo\"><strong>Editorial:<\/strong> Meteora<br \/>\n<strong>Tema:<\/strong>\u00a0Discapacidad motriz<br \/>\n<strong>Resumen:\u00a0<\/strong>Clara tiene un problema de crecimiento y por ello es mucho m\u00e1s bajita que los otros ni\u00f1os. Es m\u00e1s bajita que los ni\u00f1os de su edad y m\u00e1s bajita que los ni\u00f1os menores que ella, por eso a menudo la gente se cree que es m\u00e1s peque\u00f1a de lo que en realidad es.<br \/>\n<strong>A\u00f1o:<\/strong>\u00a02008<\/div>\n<div class=\"listado_detalle_titulo\"><strong>ISBN<\/strong>:\u00a0978-84-95623-76-8<br \/>\n<strong>Edad:<\/strong><br \/>\n<strong>Formato:<\/strong>\u00a0papel<\/div>\n","protected":false},"excerpt":{"rendered":"<p>Autor:\u00a0Raquel Rib\u00f3 Editorial: Meteora Tema:\u00a0Discapacidad motriz Resumen:\u00a0Clara tiene un problema de crecimiento y por ello es mucho m\u00e1s bajita que los otros ni\u00f1os. Es m\u00e1s bajita que los ni\u00f1os de su edad y m\u00e1s bajita que los ni\u00f1os menores que &hellip; <a href=\"https:\/\/creena.educacion.navarra.es\/web\/guiasensibilizacion\/2019\/02\/25\/que-grande-es-clara\/\">Sigue leyendo <span class=\"meta-nav\">&rarr;<\/span><\/a><\/p>\n","protected":false},"author":1,"featured_media":0,"comment_status":"closed","ping_status":"open","sticky":false,"template":"","format":"standard","meta":[],"categories":[19],"tags":[],"_links":{"self":[{"href":"https:\/\/creena.educacion.navarra.es\/web\/guiasensibilizacion\/wp-json\/wp\/v2\/posts\/2359"}],"collection":[{"href":"https:\/\/creena.educacion.navarra.es\/web\/guiasensibilizacion\/wp-json\/wp\/v2\/posts"}],"about":[{"href":"https:\/\/creena.educacion.navarra.es\/web\/guiasensibilizacion\/wp-json\/wp\/v2\/types\/post"}],"author":[{"embeddable":true,"href":"https:\/\/creena.educacion.navarra.es\/web\/guiasensibilizacion\/wp-json\/wp\/v2\/users\/1"}],"replies":[{"embeddable":true,"href":"https:\/\/creena.educacion.navarra.es\/web\/guiasensibilizacion\/wp-json\/wp\/v2\/comments?post=2359"}],"version-history":[{"count":1,"href":"https:\/\/creena.educacion.navarra.es\/web\/guiasensibilizacion\/wp-json\/wp\/v2\/posts\/2359\/revisions"}],"predecessor-version":[{"id":2360,"href":"https:\/\/creena.educacion.navarra.es\/web\/guiasensibilizacion\/wp-json\/wp\/v2\/posts\/2359\/revisions\/2360"}],"wp:attachment":[{"href":"https:\/\/creena.educacion.navarra.es\/web\/guiasensibilizacion\/wp-json\/wp\/v2\/media?parent=2359"}],"wp:term":[{"taxonomy":"category","embeddable":true,"href":"https:\/\/creena.educacion.navarra.es\/web\/guiasensibilizacion\/wp-json\/wp\/v2\/categories?post=2359"},{"taxonomy":"post_tag","embeddable":true,"href":"https:\/\/creena.educacion.navarra.es\/web\/guiasensibilizacion\/wp-json\/wp\/v2\/tags?post=2359"}],"curies":[{"name":"wp","href":"https:\/\/api.w.org\/{rel}","templated":true}]}}