{"id":2362,"date":"2019-02-27T10:17:15","date_gmt":"2019-02-27T09:17:15","guid":{"rendered":"http:\/\/creena.educacion.navarra.es\/web\/guiasensibilizacion\/?p=2362"},"modified":"2019-02-27T10:29:53","modified_gmt":"2019-02-27T09:29:53","slug":"2362","status":"publish","type":"post","link":"https:\/\/creena.educacion.navarra.es\/web\/guiasensibilizacion\/2019\/02\/27\/2362\/","title":{"rendered":"Calista periodista"},"content":{"rendered":"<p><strong><a href=\"http:\/\/creena.educacion.navarra.es\/web\/guiasensibilizacion\/wp-content\/uploads\/sites\/2\/2019\/02\/calista.png\"><img loading=\"lazy\" class=\"alignleft  wp-image-2363\" src=\"http:\/\/creena.educacion.navarra.es\/web\/guiasensibilizacion\/wp-content\/uploads\/sites\/2\/2019\/02\/calista-277x300.png\" alt=\"\" width=\"188\" height=\"204\" srcset=\"https:\/\/creena.educacion.navarra.es\/web\/guiasensibilizacion\/wp-content\/uploads\/sites\/2\/2019\/02\/calista-277x300.png 277w, https:\/\/creena.educacion.navarra.es\/web\/guiasensibilizacion\/wp-content\/uploads\/sites\/2\/2019\/02\/calista.png 403w\" sizes=\"(max-width: 188px) 100vw, 188px\" \/><\/a>Autor:<\/strong>&nbsp;Eva Latonda<\/p>\n<p><strong>Editorial:<\/strong><strong>&nbsp;<\/strong>ONCE<\/p>\n<p><strong>Tema: <\/strong>Enfermedades Inflamatorias Inmunomediadas<\/p>\n<p><strong>Resumen: <\/strong>es el d\u00eda a d\u00eda de Calista, una ni\u00f1a con una enfermedad inflamatoria<\/p>\n<p><strong>A\u00f1o:<\/strong> 2018<\/p>\n<p><strong>Edad<\/strong>: Primaria<\/p>\n<p><strong>Formato:&nbsp;<\/strong>online<strong>&nbsp;<\/strong><a href=\"http:\/\/bibliotecainfantil.fundaciononce.es\/es\/cuentos\/calista.html#\" target=\"_blank\" rel=\"noopener noreferrer\"><strong>ENLACE<\/strong><\/a><\/p>\n","protected":false},"excerpt":{"rendered":"<p>Autor:&nbsp;Eva Latonda Editorial:&nbsp;ONCE Tema: Enfermedades Inflamatorias Inmunomediadas Resumen: es el d\u00eda a d\u00eda de Calista, una ni\u00f1a con una enfermedad inflamatoria A\u00f1o: 2018 Edad: Primaria Formato:&nbsp;online&nbsp;ENLACE<\/p>\n","protected":false},"author":1,"featured_media":0,"comment_status":"closed","ping_status":"open","sticky":false,"template":"","format":"standard","meta":[],"categories":[33],"tags":[],"_links":{"self":[{"href":"https:\/\/creena.educacion.navarra.es\/web\/guiasensibilizacion\/wp-json\/wp\/v2\/posts\/2362"}],"collection":[{"href":"https:\/\/creena.educacion.navarra.es\/web\/guiasensibilizacion\/wp-json\/wp\/v2\/posts"}],"about":[{"href":"https:\/\/creena.educacion.navarra.es\/web\/guiasensibilizacion\/wp-json\/wp\/v2\/types\/post"}],"author":[{"embeddable":true,"href":"https:\/\/creena.educacion.navarra.es\/web\/guiasensibilizacion\/wp-json\/wp\/v2\/users\/1"}],"replies":[{"embeddable":true,"href":"https:\/\/creena.educacion.navarra.es\/web\/guiasensibilizacion\/wp-json\/wp\/v2\/comments?post=2362"}],"version-history":[{"count":2,"href":"https:\/\/creena.educacion.navarra.es\/web\/guiasensibilizacion\/wp-json\/wp\/v2\/posts\/2362\/revisions"}],"predecessor-version":[{"id":2370,"href":"https:\/\/creena.educacion.navarra.es\/web\/guiasensibilizacion\/wp-json\/wp\/v2\/posts\/2362\/revisions\/2370"}],"wp:attachment":[{"href":"https:\/\/creena.educacion.navarra.es\/web\/guiasensibilizacion\/wp-json\/wp\/v2\/media?parent=2362"}],"wp:term":[{"taxonomy":"category","embeddable":true,"href":"https:\/\/creena.educacion.navarra.es\/web\/guiasensibilizacion\/wp-json\/wp\/v2\/categories?post=2362"},{"taxonomy":"post_tag","embeddable":true,"href":"https:\/\/creena.educacion.navarra.es\/web\/guiasensibilizacion\/wp-json\/wp\/v2\/tags?post=2362"}],"curies":[{"name":"wp","href":"https:\/\/api.w.org\/{rel}","templated":true}]}}