{"id":2372,"date":"2019-02-27T10:43:03","date_gmt":"2019-02-27T09:43:03","guid":{"rendered":"http:\/\/creena.educacion.navarra.es\/web\/guiasensibilizacion\/?p=2372"},"modified":"2019-02-27T10:43:03","modified_gmt":"2019-02-27T09:43:03","slug":"cuerdas","status":"publish","type":"post","link":"https:\/\/creena.educacion.navarra.es\/web\/guiasensibilizacion\/2019\/02\/27\/cuerdas\/","title":{"rendered":"Cuerdas"},"content":{"rendered":"<div class=\"listado_titulo\"><strong><a href=\"http:\/\/creena.educacion.navarra.es\/web\/guiasensibilizacion\/wp-content\/uploads\/sites\/2\/2019\/02\/cuerdas.png\"><img loading=\"lazy\" class=\"alignleft size-medium wp-image-2373\" src=\"http:\/\/creena.educacion.navarra.es\/web\/guiasensibilizacion\/wp-content\/uploads\/sites\/2\/2019\/02\/cuerdas-300x168.png\" alt=\"\" width=\"300\" height=\"168\" \/><\/a>Autor:<\/strong> Pedro Sol\u00eds Garc\u00eda<\/div>\n<div class=\"listado_detalle\">\n<div class=\"listado_detalle_titulo\"><strong>Tipo:<\/strong>\u00a0Video YouTube<\/div>\n<\/div>\n<div class=\"listado_detalle\">\n<div class=\"listado_detalle_titulo\"><strong>Descripci\u00f3n: <\/strong>una historia de amistad entre un ni\u00f1o y una ni\u00f1a, uno de ellos afectado por par\u00e1lisis cerebral<\/div>\n<\/div>\n<div class=\"listado_detalle\">\n<div class=\"listado_detalle_titulo\"><strong>Duraci\u00f3n<\/strong>: 10 min 52s<\/div>\n<\/div>\n<div class=\"listado_detalle\">\n<div class=\"listado_detalle_titulo\"><strong>Enlace:\u00a0<\/strong><a href=\"https:\/\/www.youtube.com\/watch?v=4INwx_tmTKw\" target=\"_blank\" rel=\"noopener noreferrer\">Pinchar aqu\u00ed<\/a><\/div>\n<\/div>\n","protected":false},"excerpt":{"rendered":"<p>Autor: Pedro Sol\u00eds Garc\u00eda Tipo:\u00a0Video YouTube Descripci\u00f3n: una historia de amistad entre un ni\u00f1o y una ni\u00f1a, uno de ellos afectado por par\u00e1lisis cerebral Duraci\u00f3n: 10 min 52s Enlace:\u00a0Pinchar aqu\u00ed<\/p>\n","protected":false},"author":1,"featured_media":0,"comment_status":"closed","ping_status":"open","sticky":false,"template":"","format":"standard","meta":[],"categories":[27,12],"tags":[],"_links":{"self":[{"href":"https:\/\/creena.educacion.navarra.es\/web\/guiasensibilizacion\/wp-json\/wp\/v2\/posts\/2372"}],"collection":[{"href":"https:\/\/creena.educacion.navarra.es\/web\/guiasensibilizacion\/wp-json\/wp\/v2\/posts"}],"about":[{"href":"https:\/\/creena.educacion.navarra.es\/web\/guiasensibilizacion\/wp-json\/wp\/v2\/types\/post"}],"author":[{"embeddable":true,"href":"https:\/\/creena.educacion.navarra.es\/web\/guiasensibilizacion\/wp-json\/wp\/v2\/users\/1"}],"replies":[{"embeddable":true,"href":"https:\/\/creena.educacion.navarra.es\/web\/guiasensibilizacion\/wp-json\/wp\/v2\/comments?post=2372"}],"version-history":[{"count":1,"href":"https:\/\/creena.educacion.navarra.es\/web\/guiasensibilizacion\/wp-json\/wp\/v2\/posts\/2372\/revisions"}],"predecessor-version":[{"id":2374,"href":"https:\/\/creena.educacion.navarra.es\/web\/guiasensibilizacion\/wp-json\/wp\/v2\/posts\/2372\/revisions\/2374"}],"wp:attachment":[{"href":"https:\/\/creena.educacion.navarra.es\/web\/guiasensibilizacion\/wp-json\/wp\/v2\/media?parent=2372"}],"wp:term":[{"taxonomy":"category","embeddable":true,"href":"https:\/\/creena.educacion.navarra.es\/web\/guiasensibilizacion\/wp-json\/wp\/v2\/categories?post=2372"},{"taxonomy":"post_tag","embeddable":true,"href":"https:\/\/creena.educacion.navarra.es\/web\/guiasensibilizacion\/wp-json\/wp\/v2\/tags?post=2372"}],"curies":[{"name":"wp","href":"https:\/\/api.w.org\/{rel}","templated":true}]}}