{"id":2377,"date":"2019-02-27T10:53:28","date_gmt":"2019-02-27T09:53:28","guid":{"rendered":"http:\/\/creena.educacion.navarra.es\/web\/guiasensibilizacion\/?p=2377"},"modified":"2021-03-25T08:43:46","modified_gmt":"2021-03-25T07:43:46","slug":"buscando-a-nemo","status":"publish","type":"post","link":"https:\/\/creena.educacion.navarra.es\/web\/guiasensibilizacion\/2019\/02\/27\/buscando-a-nemo\/","title":{"rendered":"Buscando a Nemo"},"content":{"rendered":"\n<p><strong>Autor:<\/strong>  Andrew Stanton <\/p>\n\n\n\n<p><strong>Tipo:<\/strong> pel\u00edcula<\/p>\n\n\n\n<p><strong>Descripci\u00f3n:<\/strong>  El pececillo Nemo, que es hijo \u00fanico, es muy querido y protegido por su padre. Despu\u00e9s de ser capturado en un arrecife australiano va a parar a la pecera de la oficina de un dentista de Sidney. Su t\u00edmido padre emprender\u00e1 una peligrosa aventura para rescatarlo. Pero Nemo y sus nuevos amigos tienen tambi\u00e9n un astuto plan para escapar de la pecera y volver al mar. <\/p>\n\n\n\n<p><strong>Duraci\u00f3n<\/strong>: 101 min <\/p>\n\n\n\n<p><strong>Enlace:\u00a0<\/strong><a href=\"https:\/\/www.filmaffinity.com\/es\/film479365.html\" target=\"_blank\" rel=\"noreferrer noopener\">Pinchar aqu\u00ed<\/a><\/p>\n","protected":false},"excerpt":{"rendered":"<p>Autor: Andrew Stanton Tipo: pel\u00edcula Descripci\u00f3n: El pececillo Nemo, que es hijo \u00fanico, es muy querido y protegido por su padre. Despu\u00e9s de ser capturado en un arrecife australiano va a parar a la pecera de la oficina de un &hellip; <a href=\"https:\/\/creena.educacion.navarra.es\/web\/guiasensibilizacion\/2019\/02\/27\/buscando-a-nemo\/\">Sigue leyendo <span class=\"meta-nav\">&rarr;<\/span><\/a><\/p>\n","protected":false},"author":1,"featured_media":0,"comment_status":"closed","ping_status":"open","sticky":false,"template":"","format":"standard","meta":[],"categories":[12],"tags":[],"_links":{"self":[{"href":"https:\/\/creena.educacion.navarra.es\/web\/guiasensibilizacion\/wp-json\/wp\/v2\/posts\/2377"}],"collection":[{"href":"https:\/\/creena.educacion.navarra.es\/web\/guiasensibilizacion\/wp-json\/wp\/v2\/posts"}],"about":[{"href":"https:\/\/creena.educacion.navarra.es\/web\/guiasensibilizacion\/wp-json\/wp\/v2\/types\/post"}],"author":[{"embeddable":true,"href":"https:\/\/creena.educacion.navarra.es\/web\/guiasensibilizacion\/wp-json\/wp\/v2\/users\/1"}],"replies":[{"embeddable":true,"href":"https:\/\/creena.educacion.navarra.es\/web\/guiasensibilizacion\/wp-json\/wp\/v2\/comments?post=2377"}],"version-history":[{"count":2,"href":"https:\/\/creena.educacion.navarra.es\/web\/guiasensibilizacion\/wp-json\/wp\/v2\/posts\/2377\/revisions"}],"predecessor-version":[{"id":2590,"href":"https:\/\/creena.educacion.navarra.es\/web\/guiasensibilizacion\/wp-json\/wp\/v2\/posts\/2377\/revisions\/2590"}],"wp:attachment":[{"href":"https:\/\/creena.educacion.navarra.es\/web\/guiasensibilizacion\/wp-json\/wp\/v2\/media?parent=2377"}],"wp:term":[{"taxonomy":"category","embeddable":true,"href":"https:\/\/creena.educacion.navarra.es\/web\/guiasensibilizacion\/wp-json\/wp\/v2\/categories?post=2377"},{"taxonomy":"post_tag","embeddable":true,"href":"https:\/\/creena.educacion.navarra.es\/web\/guiasensibilizacion\/wp-json\/wp\/v2\/tags?post=2377"}],"curies":[{"name":"wp","href":"https:\/\/api.w.org\/{rel}","templated":true}]}}