{"id":2385,"date":"2019-02-27T11:19:48","date_gmt":"2019-02-27T10:19:48","guid":{"rendered":"http:\/\/creena.educacion.navarra.es\/web\/guiasensibilizacion\/?p=2385"},"modified":"2019-02-27T11:19:48","modified_gmt":"2019-02-27T10:19:48","slug":"superheroes","status":"publish","type":"post","link":"https:\/\/creena.educacion.navarra.es\/web\/guiasensibilizacion\/2019\/02\/27\/superheroes\/","title":{"rendered":"Superh\u00e9roes"},"content":{"rendered":"<p><strong><a href=\"http:\/\/creena.educacion.navarra.es\/web\/guiasensibilizacion\/wp-content\/uploads\/sites\/2\/2019\/02\/super.jpg\"><img loading=\"lazy\" class=\"alignleft  wp-image-2386\" src=\"http:\/\/creena.educacion.navarra.es\/web\/guiasensibilizacion\/wp-content\/uploads\/sites\/2\/2019\/02\/super-300x300.jpg\" alt=\"\" width=\"192\" height=\"192\" srcset=\"https:\/\/creena.educacion.navarra.es\/web\/guiasensibilizacion\/wp-content\/uploads\/sites\/2\/2019\/02\/super-300x300.jpg 300w, https:\/\/creena.educacion.navarra.es\/web\/guiasensibilizacion\/wp-content\/uploads\/sites\/2\/2019\/02\/super-150x150.jpg 150w, https:\/\/creena.educacion.navarra.es\/web\/guiasensibilizacion\/wp-content\/uploads\/sites\/2\/2019\/02\/super-768x770.jpg 768w, https:\/\/creena.educacion.navarra.es\/web\/guiasensibilizacion\/wp-content\/uploads\/sites\/2\/2019\/02\/super.jpg 1000w\" sizes=\"(max-width: 192px) 100vw, 192px\" \/><\/a>Autor: <\/strong>Roberto Aliaga\/Roger Olmos<\/p>\n<p><strong>Editorial: <\/strong>Anaya<\/p>\n<p><strong>Tema:\u00a0<\/strong>diferentes discapacidades<\/p>\n<p><strong>Resumen: <\/strong>\u00abDesde hace varios meses voy a una escuela de superh\u00e9roes. All\u00ed todos tenemos superpoderes, y la se\u00f1orita Merche nos ense\u00f1a a utilizarlos\u00bb. As\u00ed empieza este sorprendente \u00e1lbum en el que conoceremos a Susi, capaz de lanzar patadas a distancia; Andrea, que puede viajar sin moverse de su silla; Johnny, con visi\u00f3n nocturna; o Darius, capaz de parar el tiempo.<\/p>\n<p><strong>A\u00f1o:<\/strong>\u00a02011<\/p>\n<p><strong>Edad<\/strong>: Primaria<\/p>\n<p><strong>Formato: <\/strong>papel<\/p>\n","protected":false},"excerpt":{"rendered":"<p>Autor: Roberto Aliaga\/Roger Olmos Editorial: Anaya Tema:\u00a0diferentes discapacidades Resumen: \u00abDesde hace varios meses voy a una escuela de superh\u00e9roes. All\u00ed todos tenemos superpoderes, y la se\u00f1orita Merche nos ense\u00f1a a utilizarlos\u00bb. As\u00ed empieza este sorprendente \u00e1lbum en el que conoceremos &hellip; <a href=\"https:\/\/creena.educacion.navarra.es\/web\/guiasensibilizacion\/2019\/02\/27\/superheroes\/\">Sigue leyendo <span class=\"meta-nav\">&rarr;<\/span><\/a><\/p>\n","protected":false},"author":1,"featured_media":0,"comment_status":"closed","ping_status":"open","sticky":false,"template":"","format":"standard","meta":[],"categories":[12,16],"tags":[],"_links":{"self":[{"href":"https:\/\/creena.educacion.navarra.es\/web\/guiasensibilizacion\/wp-json\/wp\/v2\/posts\/2385"}],"collection":[{"href":"https:\/\/creena.educacion.navarra.es\/web\/guiasensibilizacion\/wp-json\/wp\/v2\/posts"}],"about":[{"href":"https:\/\/creena.educacion.navarra.es\/web\/guiasensibilizacion\/wp-json\/wp\/v2\/types\/post"}],"author":[{"embeddable":true,"href":"https:\/\/creena.educacion.navarra.es\/web\/guiasensibilizacion\/wp-json\/wp\/v2\/users\/1"}],"replies":[{"embeddable":true,"href":"https:\/\/creena.educacion.navarra.es\/web\/guiasensibilizacion\/wp-json\/wp\/v2\/comments?post=2385"}],"version-history":[{"count":1,"href":"https:\/\/creena.educacion.navarra.es\/web\/guiasensibilizacion\/wp-json\/wp\/v2\/posts\/2385\/revisions"}],"predecessor-version":[{"id":2387,"href":"https:\/\/creena.educacion.navarra.es\/web\/guiasensibilizacion\/wp-json\/wp\/v2\/posts\/2385\/revisions\/2387"}],"wp:attachment":[{"href":"https:\/\/creena.educacion.navarra.es\/web\/guiasensibilizacion\/wp-json\/wp\/v2\/media?parent=2385"}],"wp:term":[{"taxonomy":"category","embeddable":true,"href":"https:\/\/creena.educacion.navarra.es\/web\/guiasensibilizacion\/wp-json\/wp\/v2\/categories?post=2385"},{"taxonomy":"post_tag","embeddable":true,"href":"https:\/\/creena.educacion.navarra.es\/web\/guiasensibilizacion\/wp-json\/wp\/v2\/tags?post=2385"}],"curies":[{"name":"wp","href":"https:\/\/api.w.org\/{rel}","templated":true}]}}