{"id":2401,"date":"2019-02-27T11:56:20","date_gmt":"2019-02-27T10:56:20","guid":{"rendered":"http:\/\/creena.educacion.navarra.es\/web\/guiasensibilizacion\/?p=2401"},"modified":"2019-02-27T11:56:20","modified_gmt":"2019-02-27T10:56:20","slug":"lucas-tiene-superpoderes","status":"publish","type":"post","link":"https:\/\/creena.educacion.navarra.es\/web\/guiasensibilizacion\/2019\/02\/27\/lucas-tiene-superpoderes\/","title":{"rendered":"Lucas tiene superpoderes"},"content":{"rendered":"<p><strong>Autor: <\/strong>Ana Luengo, Marisol Diaz<\/p>\n<p><strong>Editorial: <\/strong>De f\u00e1bula<\/p>\n<p><strong>Tema: <\/strong>autismo<\/p>\n<p><strong>Resumen: <\/strong>el objetivo de este libro es explicar a los ni\u00f1os (y a los no tan ni\u00f1os) algunas de las conductas de los ni\u00f1os con autismo, entender que a veces sus conductas, a pesar de ser diferentes, tienen siempre un origen o una explicaci\u00f3n. A lo largo de sus p\u00e1ginas descubrimos que lo que para algunos puede ser una conducta extra\u00f1a, tambi\u00e9n puede ser entendido como un superpoder, porque Lucas tiene superpoderes.<\/p>\n<p><strong>A\u00f1o:<\/strong> 2015<\/p>\n<p><strong>Edad<\/strong>: Primaria<\/p>\n<p><strong>Formato: <\/strong>papel<\/p>\n","protected":false},"excerpt":{"rendered":"<p>Autor: Ana Luengo, Marisol Diaz Editorial: De f\u00e1bula Tema: autismo Resumen: el objetivo de este libro es explicar a los ni\u00f1os (y a los no tan ni\u00f1os) algunas de las conductas de los ni\u00f1os con autismo, entender que a veces &hellip; <a href=\"https:\/\/creena.educacion.navarra.es\/web\/guiasensibilizacion\/2019\/02\/27\/lucas-tiene-superpoderes\/\">Sigue leyendo <span class=\"meta-nav\">&rarr;<\/span><\/a><\/p>\n","protected":false},"author":1,"featured_media":0,"comment_status":"closed","ping_status":"open","sticky":false,"template":"","format":"standard","meta":[],"categories":[26],"tags":[],"_links":{"self":[{"href":"https:\/\/creena.educacion.navarra.es\/web\/guiasensibilizacion\/wp-json\/wp\/v2\/posts\/2401"}],"collection":[{"href":"https:\/\/creena.educacion.navarra.es\/web\/guiasensibilizacion\/wp-json\/wp\/v2\/posts"}],"about":[{"href":"https:\/\/creena.educacion.navarra.es\/web\/guiasensibilizacion\/wp-json\/wp\/v2\/types\/post"}],"author":[{"embeddable":true,"href":"https:\/\/creena.educacion.navarra.es\/web\/guiasensibilizacion\/wp-json\/wp\/v2\/users\/1"}],"replies":[{"embeddable":true,"href":"https:\/\/creena.educacion.navarra.es\/web\/guiasensibilizacion\/wp-json\/wp\/v2\/comments?post=2401"}],"version-history":[{"count":1,"href":"https:\/\/creena.educacion.navarra.es\/web\/guiasensibilizacion\/wp-json\/wp\/v2\/posts\/2401\/revisions"}],"predecessor-version":[{"id":2402,"href":"https:\/\/creena.educacion.navarra.es\/web\/guiasensibilizacion\/wp-json\/wp\/v2\/posts\/2401\/revisions\/2402"}],"wp:attachment":[{"href":"https:\/\/creena.educacion.navarra.es\/web\/guiasensibilizacion\/wp-json\/wp\/v2\/media?parent=2401"}],"wp:term":[{"taxonomy":"category","embeddable":true,"href":"https:\/\/creena.educacion.navarra.es\/web\/guiasensibilizacion\/wp-json\/wp\/v2\/categories?post=2401"},{"taxonomy":"post_tag","embeddable":true,"href":"https:\/\/creena.educacion.navarra.es\/web\/guiasensibilizacion\/wp-json\/wp\/v2\/tags?post=2401"}],"curies":[{"name":"wp","href":"https:\/\/api.w.org\/{rel}","templated":true}]}}