{"id":2503,"date":"2020-06-04T10:10:00","date_gmt":"2020-06-04T08:10:00","guid":{"rendered":"https:\/\/creena.educacion.navarra.es\/web\/guiasensibilizacion\/?p=2503"},"modified":"2020-06-04T10:10:00","modified_gmt":"2020-06-04T08:10:00","slug":"rain-man","status":"publish","type":"post","link":"https:\/\/creena.educacion.navarra.es\/web\/guiasensibilizacion\/2020\/06\/04\/rain-man\/","title":{"rendered":"Rain Man"},"content":{"rendered":"<p><strong data-rich-text-format-boundary=\"true\"><a href=\"https:\/\/creena.educacion.navarra.es\/web\/guiasensibilizacion\/wp-content\/uploads\/sites\/2\/2020\/06\/rainman.png\"><img loading=\"lazy\" class=\"alignleft  wp-image-2504\" src=\"https:\/\/creena.educacion.navarra.es\/web\/guiasensibilizacion\/wp-content\/uploads\/sites\/2\/2020\/06\/rainman-193x300.png\" alt=\"\" width=\"160\" height=\"249\" srcset=\"https:\/\/creena.educacion.navarra.es\/web\/guiasensibilizacion\/wp-content\/uploads\/sites\/2\/2020\/06\/rainman-193x300.png 193w, https:\/\/creena.educacion.navarra.es\/web\/guiasensibilizacion\/wp-content\/uploads\/sites\/2\/2020\/06\/rainman.png 386w\" sizes=\"(max-width: 160px) 100vw, 160px\" \/><\/a>Direcci\u00f3n\/gui\u00f3n<\/strong>: Barry Levinson y\u00a0 Ronald Bass<br data-rich-text-line-break=\"true\" \/><strong>Tipo:<\/strong> Pel\u00edcula<br data-rich-text-line-break=\"true\" \/><strong>Descripci\u00f3n: <\/strong>Charlie Babbitt, un joven ego\u00edsta que espera heredar la fortuna de su difunto padre, se entera de que el beneficiario es su hermano Raymond, una persona con autismo al que no conoce, porque ha vivido siempre recluido en un centro especial. Ambos har\u00e1n un largo viaje a trav\u00e9s de los Estados Unidos. Al principio, a Charlie, el extravagante comportamiento de su hermano lo irrita y lo desconcierta, pero, poco a poco, aprender\u00e1 a conocerlo y a quererlo.\u00a0<strong><br data-rich-text-line-break=\"true\" \/>Duraci\u00f3n: <\/strong>129 min\u00a0<strong><br data-rich-text-line-break=\"true\" \/>Enlace: <\/strong><a href=\"https:\/\/www.youtube.com\/watch?v=iEhW8XW8ePE\" target=\"_blank\" rel=\"noopener noreferrer\">Trailer<\/a>.<\/p>\n","protected":false},"excerpt":{"rendered":"<p>Direcci\u00f3n\/gui\u00f3n: Barry Levinson y\u00a0 Ronald BassTipo: Pel\u00edculaDescripci\u00f3n: Charlie Babbitt, un joven ego\u00edsta que espera heredar la fortuna de su difunto padre, se entera de que el beneficiario es su hermano Raymond, una persona con autismo al que no conoce, porque &hellip; <a href=\"https:\/\/creena.educacion.navarra.es\/web\/guiasensibilizacion\/2020\/06\/04\/rain-man\/\">Sigue leyendo <span class=\"meta-nav\">&rarr;<\/span><\/a><\/p>\n","protected":false},"author":1,"featured_media":0,"comment_status":"closed","ping_status":"open","sticky":false,"template":"","format":"standard","meta":[],"categories":[26],"tags":[],"_links":{"self":[{"href":"https:\/\/creena.educacion.navarra.es\/web\/guiasensibilizacion\/wp-json\/wp\/v2\/posts\/2503"}],"collection":[{"href":"https:\/\/creena.educacion.navarra.es\/web\/guiasensibilizacion\/wp-json\/wp\/v2\/posts"}],"about":[{"href":"https:\/\/creena.educacion.navarra.es\/web\/guiasensibilizacion\/wp-json\/wp\/v2\/types\/post"}],"author":[{"embeddable":true,"href":"https:\/\/creena.educacion.navarra.es\/web\/guiasensibilizacion\/wp-json\/wp\/v2\/users\/1"}],"replies":[{"embeddable":true,"href":"https:\/\/creena.educacion.navarra.es\/web\/guiasensibilizacion\/wp-json\/wp\/v2\/comments?post=2503"}],"version-history":[{"count":1,"href":"https:\/\/creena.educacion.navarra.es\/web\/guiasensibilizacion\/wp-json\/wp\/v2\/posts\/2503\/revisions"}],"predecessor-version":[{"id":2505,"href":"https:\/\/creena.educacion.navarra.es\/web\/guiasensibilizacion\/wp-json\/wp\/v2\/posts\/2503\/revisions\/2505"}],"wp:attachment":[{"href":"https:\/\/creena.educacion.navarra.es\/web\/guiasensibilizacion\/wp-json\/wp\/v2\/media?parent=2503"}],"wp:term":[{"taxonomy":"category","embeddable":true,"href":"https:\/\/creena.educacion.navarra.es\/web\/guiasensibilizacion\/wp-json\/wp\/v2\/categories?post=2503"},{"taxonomy":"post_tag","embeddable":true,"href":"https:\/\/creena.educacion.navarra.es\/web\/guiasensibilizacion\/wp-json\/wp\/v2\/tags?post=2503"}],"curies":[{"name":"wp","href":"https:\/\/api.w.org\/{rel}","templated":true}]}}