{"id":2533,"date":"2020-06-05T09:56:58","date_gmt":"2020-06-05T07:56:58","guid":{"rendered":"https:\/\/creena.educacion.navarra.es\/web\/guiasensibilizacion\/?p=2533"},"modified":"2020-06-05T09:56:58","modified_gmt":"2020-06-05T07:56:58","slug":"romans-scape","status":"publish","type":"post","link":"https:\/\/creena.educacion.navarra.es\/web\/guiasensibilizacion\/2020\/06\/05\/romans-scape\/","title":{"rendered":"Roman\u00b4s scape"},"content":{"rendered":"<div class=\"listado_detalle\">\n<div class=\"listado_detalle_titulo\"><strong>Autor: <\/strong>A.J Carter<\/div>\n<\/div>\n<div class=\"listado_detalle\">\n<div class=\"listado_detalle_titulo\"><strong>Tipo<\/strong>:\u00a0V\u00eddeo YouTube<\/div>\n<\/div>\n<div class=\"listado_detalle\">\n<div class=\"listado_detalle_titulo\"><strong>Descripci\u00f3n:<\/strong> cuenta la visi\u00f3n de la vida que tiene Roman y nos advierte que en situaci\u00f3n de acoso el detonante menos pensado puede tener graves consecuencias<\/div>\n<\/div>\n<div class=\"listado_detalle\">\n<div class=\"listado_detalle_titulo\"><strong>Duraci\u00f3n: <\/strong>15 min 51 s<\/div>\n<\/div>\n<div class=\"listado_detalle\">\n<div class=\"listado_detalle_titulo\"><strong>Enlace:<\/strong>\u00a0<a href=\"https:\/\/www.youtube.com\/watch?time_continue=811&amp;v=FsUYzrtljf8&amp;feature=emb_logo\" target=\"_blank\" rel=\"noopener noreferrer\">Pinchar aqu\u00ed<\/a><\/div>\n<\/div>\n","protected":false},"excerpt":{"rendered":"<p>Autor: A.J Carter Tipo:\u00a0V\u00eddeo YouTube Descripci\u00f3n: cuenta la visi\u00f3n de la vida que tiene Roman y nos advierte que en situaci\u00f3n de acoso el detonante menos pensado puede tener graves consecuencias Duraci\u00f3n: 15 min 51 s Enlace:\u00a0Pinchar aqu\u00ed<\/p>\n","protected":false},"author":1,"featured_media":0,"comment_status":"closed","ping_status":"open","sticky":false,"template":"","format":"standard","meta":[],"categories":[35],"tags":[8],"_links":{"self":[{"href":"https:\/\/creena.educacion.navarra.es\/web\/guiasensibilizacion\/wp-json\/wp\/v2\/posts\/2533"}],"collection":[{"href":"https:\/\/creena.educacion.navarra.es\/web\/guiasensibilizacion\/wp-json\/wp\/v2\/posts"}],"about":[{"href":"https:\/\/creena.educacion.navarra.es\/web\/guiasensibilizacion\/wp-json\/wp\/v2\/types\/post"}],"author":[{"embeddable":true,"href":"https:\/\/creena.educacion.navarra.es\/web\/guiasensibilizacion\/wp-json\/wp\/v2\/users\/1"}],"replies":[{"embeddable":true,"href":"https:\/\/creena.educacion.navarra.es\/web\/guiasensibilizacion\/wp-json\/wp\/v2\/comments?post=2533"}],"version-history":[{"count":1,"href":"https:\/\/creena.educacion.navarra.es\/web\/guiasensibilizacion\/wp-json\/wp\/v2\/posts\/2533\/revisions"}],"predecessor-version":[{"id":2534,"href":"https:\/\/creena.educacion.navarra.es\/web\/guiasensibilizacion\/wp-json\/wp\/v2\/posts\/2533\/revisions\/2534"}],"wp:attachment":[{"href":"https:\/\/creena.educacion.navarra.es\/web\/guiasensibilizacion\/wp-json\/wp\/v2\/media?parent=2533"}],"wp:term":[{"taxonomy":"category","embeddable":true,"href":"https:\/\/creena.educacion.navarra.es\/web\/guiasensibilizacion\/wp-json\/wp\/v2\/categories?post=2533"},{"taxonomy":"post_tag","embeddable":true,"href":"https:\/\/creena.educacion.navarra.es\/web\/guiasensibilizacion\/wp-json\/wp\/v2\/tags?post=2533"}],"curies":[{"name":"wp","href":"https:\/\/api.w.org\/{rel}","templated":true}]}}