{"id":2665,"date":"2023-03-20T09:39:33","date_gmt":"2023-03-20T08:39:33","guid":{"rendered":"https:\/\/creena.educacion.navarra.es\/web\/guiasensibilizacion\/?p=2665"},"modified":"2023-03-20T09:39:34","modified_gmt":"2023-03-20T08:39:34","slug":"ian","status":"publish","type":"post","link":"https:\/\/creena.educacion.navarra.es\/web\/guiasensibilizacion\/2023\/03\/20\/ian\/","title":{"rendered":"Ian"},"content":{"rendered":"\n<p><strong>Autor:<\/strong>  Fundaci\u00f3n Ian<\/p>\n\n\n\n<p><strong>Tipo:<\/strong> pel\u00edcula<\/p>\n\n\n\n<p><strong>Descripci\u00f3n:<\/strong>  El video \u00ab<strong>Ian<\/strong>\u00bb est\u00e1 basado en un hecho real que el director\u00a0<em>Juan Jos\u00e9 Campanella<\/em>\u00a0transform\u00f3 en este cortometraje. Nos habla sobre\u00a0la importancia de la interacci\u00f3n con iguales para sentirse incluido y poder alcanzar nuestro m\u00e1ximo potencial como personas.<\/p>\n\n\n\n<p><strong>Duraci\u00f3n<\/strong>: 9,51 min <\/p>\n\n\n\n<p><strong>Enlace:&nbsp;<\/strong><a href=\"https:\/\/www.filmaffinity.com\/es\/film479365.html\" target=\"_blank\" rel=\"noreferrer noopener\">Pinchar aqu\u00ed<\/a><\/p>\n","protected":false},"excerpt":{"rendered":"<p>Autor: Fundaci\u00f3n Ian Tipo: pel\u00edcula Descripci\u00f3n: El video \u00abIan\u00bb est\u00e1 basado en un hecho real que el director\u00a0Juan Jos\u00e9 Campanella\u00a0transform\u00f3 en este cortometraje. Nos habla sobre\u00a0la importancia de la interacci\u00f3n con iguales para sentirse incluido y poder alcanzar nuestro m\u00e1ximo &hellip; <a href=\"https:\/\/creena.educacion.navarra.es\/web\/guiasensibilizacion\/2023\/03\/20\/ian\/\">Sigue leyendo <span class=\"meta-nav\">&rarr;<\/span><\/a><\/p>\n","protected":false},"author":1,"featured_media":0,"comment_status":"closed","ping_status":"open","sticky":false,"template":"","format":"standard","meta":[],"categories":[27,12,37,31],"tags":[7],"_links":{"self":[{"href":"https:\/\/creena.educacion.navarra.es\/web\/guiasensibilizacion\/wp-json\/wp\/v2\/posts\/2665"}],"collection":[{"href":"https:\/\/creena.educacion.navarra.es\/web\/guiasensibilizacion\/wp-json\/wp\/v2\/posts"}],"about":[{"href":"https:\/\/creena.educacion.navarra.es\/web\/guiasensibilizacion\/wp-json\/wp\/v2\/types\/post"}],"author":[{"embeddable":true,"href":"https:\/\/creena.educacion.navarra.es\/web\/guiasensibilizacion\/wp-json\/wp\/v2\/users\/1"}],"replies":[{"embeddable":true,"href":"https:\/\/creena.educacion.navarra.es\/web\/guiasensibilizacion\/wp-json\/wp\/v2\/comments?post=2665"}],"version-history":[{"count":1,"href":"https:\/\/creena.educacion.navarra.es\/web\/guiasensibilizacion\/wp-json\/wp\/v2\/posts\/2665\/revisions"}],"predecessor-version":[{"id":2666,"href":"https:\/\/creena.educacion.navarra.es\/web\/guiasensibilizacion\/wp-json\/wp\/v2\/posts\/2665\/revisions\/2666"}],"wp:attachment":[{"href":"https:\/\/creena.educacion.navarra.es\/web\/guiasensibilizacion\/wp-json\/wp\/v2\/media?parent=2665"}],"wp:term":[{"taxonomy":"category","embeddable":true,"href":"https:\/\/creena.educacion.navarra.es\/web\/guiasensibilizacion\/wp-json\/wp\/v2\/categories?post=2665"},{"taxonomy":"post_tag","embeddable":true,"href":"https:\/\/creena.educacion.navarra.es\/web\/guiasensibilizacion\/wp-json\/wp\/v2\/tags?post=2665"}],"curies":[{"name":"wp","href":"https:\/\/api.w.org\/{rel}","templated":true}]}}