{"id":647,"date":"2016-09-06T11:24:41","date_gmt":"2016-09-06T11:24:41","guid":{"rendered":"https:\/\/creenasensibilizacion.wordpress.com\/?p=647"},"modified":"2016-12-20T09:28:01","modified_gmt":"2016-12-20T08:28:01","slug":"soy-gordito","status":"publish","type":"post","link":"https:\/\/creena.educacion.navarra.es\/web\/guiasensibilizacion\/2016\/09\/06\/soy-gordito\/","title":{"rendered":"Soy gordito"},"content":{"rendered":"<div class=\"listado_detalle\">\n<div class=\"listado_detalle_titulo\"><strong>Autor:<\/strong>\u00a0Rivera-Lassen, Carmen<\/div>\n<\/div>\n<div class=\"listado_detalle\">\n<div class=\"listado_detalle_titulo\"><strong>Editorial:\u00a0<\/strong>Editorial de la Universidad de Puerto Rico<\/div>\n<\/div>\n<div class=\"listado_detalle\">\n<div class=\"listado_detalle_titulo\"><strong>Tema:<\/strong>\u00a0Diferencias f\u00edsicas<img loading=\"lazy\" class=\" wp-image-509 alignright\" src=\"http:\/\/creena.educacion.navarra.es\/web\/guiasensibilizacion\/wp-content\/uploads\/sites\/2\/2016\/09\/d5e_soy_gordito.jpg\" alt=\"d5e_soy_gordito\" width=\"174\" height=\"175\" \/><\/div>\n<\/div>\n<div class=\"listado_detalle\">\n<div class=\"listado_detalle_titulo\"><strong>Resumen:<\/strong>\u00a0Un ni\u00f1o que es consciente de que es gordito a pesar de que se alimenta saludablemente y se mantiene activo f\u00edsicamente. \u00abSoy gordito\u00bb nos ense\u00f1a que todos somos diferentes f\u00edsicamente, y que lo importante es mantenerse saludable y destacarse entre los dem\u00e1s. Este es un libro que puede ayudar a todos los ni\u00f1os a sentirse bien consigo mismo y desarrollar una alta autoestima para as\u00ed sentirse aceptados y felices.<\/div>\n<\/div>\n<div class=\"listado_detalle\">\n<div class=\"listado_detalle_titulo\"><strong>A\u00f1o:<\/strong>\u00a02004<\/div>\n<\/div>\n<div class=\"listado_detalle\">\n<div class=\"listado_detalle_titulo\"><strong>ISBN:<\/strong>\u00a0978-84-7715-65-7<\/div>\n<\/div>\n<div class=\"listado_detalle\">\n<div class=\"listado_detalle_titulo\"><strong>Edad:\u00a0<\/strong><\/div>\n<\/div>\n<div class=\"listado_detalle\">\n<div class=\"listado_detalle_titulo\"><strong>Formato:\u00a0<\/strong>Papel<\/div>\n<\/div>\n<div class=\"listado_detalle\">\n<div class=\"listado_detalle_titulo\"><strong>Enlace<\/strong>:<\/div>\n<div class=\"listado_detalle_titulo\"><\/div>\n<\/div>\n","protected":false},"excerpt":{"rendered":"<p>Autor:\u00a0Rivera-Lassen, Carmen Editorial:\u00a0Editorial de la Universidad de Puerto Rico Tema:\u00a0Diferencias f\u00edsicas Resumen:\u00a0Un ni\u00f1o que es consciente de que es gordito a pesar de que se alimenta saludablemente y se mantiene activo f\u00edsicamente. \u00abSoy gordito\u00bb nos ense\u00f1a que todos somos diferentes &hellip; <a href=\"https:\/\/creena.educacion.navarra.es\/web\/guiasensibilizacion\/2016\/09\/06\/soy-gordito\/\">Sigue leyendo <span class=\"meta-nav\">&rarr;<\/span><\/a><\/p>\n","protected":false},"author":1,"featured_media":0,"comment_status":"closed","ping_status":"closed","sticky":false,"template":"","format":"standard","meta":[],"categories":[25,22,31],"tags":[5,6,7],"_links":{"self":[{"href":"https:\/\/creena.educacion.navarra.es\/web\/guiasensibilizacion\/wp-json\/wp\/v2\/posts\/647"}],"collection":[{"href":"https:\/\/creena.educacion.navarra.es\/web\/guiasensibilizacion\/wp-json\/wp\/v2\/posts"}],"about":[{"href":"https:\/\/creena.educacion.navarra.es\/web\/guiasensibilizacion\/wp-json\/wp\/v2\/types\/post"}],"author":[{"embeddable":true,"href":"https:\/\/creena.educacion.navarra.es\/web\/guiasensibilizacion\/wp-json\/wp\/v2\/users\/1"}],"replies":[{"embeddable":true,"href":"https:\/\/creena.educacion.navarra.es\/web\/guiasensibilizacion\/wp-json\/wp\/v2\/comments?post=647"}],"version-history":[{"count":1,"href":"https:\/\/creena.educacion.navarra.es\/web\/guiasensibilizacion\/wp-json\/wp\/v2\/posts\/647\/revisions"}],"predecessor-version":[{"id":1944,"href":"https:\/\/creena.educacion.navarra.es\/web\/guiasensibilizacion\/wp-json\/wp\/v2\/posts\/647\/revisions\/1944"}],"wp:attachment":[{"href":"https:\/\/creena.educacion.navarra.es\/web\/guiasensibilizacion\/wp-json\/wp\/v2\/media?parent=647"}],"wp:term":[{"taxonomy":"category","embeddable":true,"href":"https:\/\/creena.educacion.navarra.es\/web\/guiasensibilizacion\/wp-json\/wp\/v2\/categories?post=647"},{"taxonomy":"post_tag","embeddable":true,"href":"https:\/\/creena.educacion.navarra.es\/web\/guiasensibilizacion\/wp-json\/wp\/v2\/tags?post=647"}],"curies":[{"name":"wp","href":"https:\/\/api.w.org\/{rel}","templated":true}]}}