{"id":755,"date":"2016-09-07T09:18:04","date_gmt":"2016-09-07T07:18:04","guid":{"rendered":"https:\/\/creenasensibilizacion.wordpress.com\/?p=755"},"modified":"2021-03-29T10:33:17","modified_gmt":"2021-03-29T08:33:17","slug":"los-cuentos-cuentan","status":"publish","type":"post","link":"https:\/\/creena.educacion.navarra.es\/web\/guiasensibilizacion\/2016\/09\/07\/los-cuentos-cuentan\/","title":{"rendered":"Los cuentos cuentan"},"content":{"rendered":"<div class=\"listado_detalle\">\n<div class=\"listado_detalle_titulo\">Autor: Mar\u00eda del Mar Fern\u00e1ndez Alonso- M\u00c1STER EN ESTUDIOS DE G\u00c9NERO: MUJERES, CULTURA Y SOCIEDAD<\/div>\n<\/div>\n<div class=\"listado_detalle\">\n<div class=\"listado_detalle_titulo\">Tema:&nbsp;Inclusi\u00f3n<\/div>\n<\/div>\n<div class=\"listado_detalle\">\n<div class=\"listado_detalle_titulo\">Descripci\u00f3n: TALLER LITERARIO: PERPETUACI\u00d3N DE ESTEREOTIPOS A TRAV\u00c9S DE LOS<br \/>\nCUENTOS DE GRIMM.-<\/div>\n<\/div>\n<div class=\"listado_detalle\">\n<div class=\"listado_detalle_titulo\">Duraci\u00f3n: varias sesiones<\/div>\n<\/div>\n<div class=\"listado_detalle\">\n<div class=\"listado_detalle_titulo\">Tipo:&nbsp;Grupo aula<\/div>\n<\/div>\n<div class=\"listado_detalle\">\n<div class=\"listado_detalle_titulo\">Espacio:&nbsp;Aula<\/div>\n<\/div>\n<div class=\"listado_detalle\">\n<div class=\"listado_detalle_titulo\">Materiales:&nbsp;Cuentos tradicionales y actuales<\/div>\n<\/div>\n<div class=\"listado_detalle\">\n<div class=\"listado_detalle_titulo\">Formato:&nbsp;Pdf\/descargable<\/div>\n<\/div>\n<div class=\"listado_detalle\">\n<div class=\"listado_detalle_titulo\">Enlace:&nbsp;<a href=\"http:\/\/repositorio.ual.es\/bitstream\/handle\/10835\/2669\/Trabajo.pdf?sequence=1&amp;isAllowed=y\" target=\"_blank\" rel=\"noopener\">Pinchar aqu\u00ed<\/a><\/div>\n<\/div>\n","protected":false},"excerpt":{"rendered":"<p>Autor: Mar\u00eda del Mar Fern\u00e1ndez Alonso- M\u00c1STER EN ESTUDIOS DE G\u00c9NERO: MUJERES, CULTURA Y SOCIEDAD Tema:&nbsp;Inclusi\u00f3n Descripci\u00f3n: TALLER LITERARIO: PERPETUACI\u00d3N DE ESTEREOTIPOS A TRAV\u00c9S DE LOS CUENTOS DE GRIMM.- Duraci\u00f3n: varias sesiones Tipo:&nbsp;Grupo aula Espacio:&nbsp;Aula Materiales:&nbsp;Cuentos tradicionales y actuales Formato:&nbsp;Pdf\/descargable &hellip; <a href=\"https:\/\/creena.educacion.navarra.es\/web\/guiasensibilizacion\/2016\/09\/07\/los-cuentos-cuentan\/\">Sigue leyendo <span class=\"meta-nav\">&rarr;<\/span><\/a><\/p>\n","protected":false},"author":1,"featured_media":0,"comment_status":"closed","ping_status":"closed","sticky":false,"template":"","format":"standard","meta":[],"categories":[25,22,31],"tags":[],"_links":{"self":[{"href":"https:\/\/creena.educacion.navarra.es\/web\/guiasensibilizacion\/wp-json\/wp\/v2\/posts\/755"}],"collection":[{"href":"https:\/\/creena.educacion.navarra.es\/web\/guiasensibilizacion\/wp-json\/wp\/v2\/posts"}],"about":[{"href":"https:\/\/creena.educacion.navarra.es\/web\/guiasensibilizacion\/wp-json\/wp\/v2\/types\/post"}],"author":[{"embeddable":true,"href":"https:\/\/creena.educacion.navarra.es\/web\/guiasensibilizacion\/wp-json\/wp\/v2\/users\/1"}],"replies":[{"embeddable":true,"href":"https:\/\/creena.educacion.navarra.es\/web\/guiasensibilizacion\/wp-json\/wp\/v2\/comments?post=755"}],"version-history":[{"count":3,"href":"https:\/\/creena.educacion.navarra.es\/web\/guiasensibilizacion\/wp-json\/wp\/v2\/posts\/755\/revisions"}],"predecessor-version":[{"id":2606,"href":"https:\/\/creena.educacion.navarra.es\/web\/guiasensibilizacion\/wp-json\/wp\/v2\/posts\/755\/revisions\/2606"}],"wp:attachment":[{"href":"https:\/\/creena.educacion.navarra.es\/web\/guiasensibilizacion\/wp-json\/wp\/v2\/media?parent=755"}],"wp:term":[{"taxonomy":"category","embeddable":true,"href":"https:\/\/creena.educacion.navarra.es\/web\/guiasensibilizacion\/wp-json\/wp\/v2\/categories?post=755"},{"taxonomy":"post_tag","embeddable":true,"href":"https:\/\/creena.educacion.navarra.es\/web\/guiasensibilizacion\/wp-json\/wp\/v2\/tags?post=755"}],"curies":[{"name":"wp","href":"https:\/\/api.w.org\/{rel}","templated":true}]}}