{"id":900,"date":"2016-09-08T07:19:26","date_gmt":"2016-09-08T07:19:26","guid":{"rendered":"https:\/\/creenasensibilizacion.wordpress.com\/?p=900"},"modified":"2016-12-20T08:25:49","modified_gmt":"2016-12-20T07:25:49","slug":"e-de-escuela","status":"publish","type":"post","link":"https:\/\/creena.educacion.navarra.es\/web\/guiasensibilizacion\/2016\/09\/08\/e-de-escuela\/","title":{"rendered":"E de Escuela"},"content":{"rendered":"<div class=\"listado_detalle\">\n<div class=\"listado_detalle_titulo\"><strong>Autor:<\/strong>\u00a0Tom\u00e1s Abella<\/div>\n<\/div>\n<div class=\"listado_detalle\">\n<div class=\"listado_detalle_titulo\"><strong>Editorial:<\/strong>\u00a0Fundaci\u00f3n Interm\u00f3n-Oxfam<img loading=\"lazy\" class=\" wp-image-904 alignright\" src=\"http:\/\/creena.educacion.navarra.es\/web\/guiasensibilizacion\/wp-content\/uploads\/sites\/2\/2016\/09\/84-89970-69-6_g.jpg\" alt=\"84-89970-69-6_g\" width=\"213\" height=\"162\" \/><\/div>\n<\/div>\n<div class=\"listado_detalle\">\n<div class=\"listado_detalle_titulo\"><strong>Tema:<\/strong><\/div>\n<\/div>\n<div class=\"listado_detalle\">\n<div class=\"listado_detalle_titulo\"><strong>Resumen:<\/strong>\u00a0Una escuela de ca\u00f1a y adobe, una peque\u00f1a pizarra en lugar\u00a0de un bloc, el suelo como pupitre. Todos estos elementos describen la educaci\u00f3n en \u00c1frica.<\/div>\n<\/div>\n<div class=\"listado_detalle\">\n<div class=\"listado_detalle_titulo\"><strong>A\u00f1o:<\/strong>\u00a02008<\/div>\n<\/div>\n<div class=\"listado_detalle\">\n<div class=\"listado_detalle_titulo\"><strong>ISBN:<\/strong>\u00a0978-84-8997-069-4<\/div>\n<\/div>\n<div class=\"listado_detalle\">\n<div class=\"listado_detalle_titulo\"><strong>Edad:<\/strong>\u00a0A partir del Tercer Ciclo EP<\/div>\n<\/div>\n<div class=\"listado_detalle\">\n<div class=\"listado_detalle_titulo\"><strong>Formato:<\/strong>\u00a0Papel<\/div>\n<\/div>\n<div class=\"listado_detalle\"><\/div>\n","protected":false},"excerpt":{"rendered":"<p>Autor:\u00a0Tom\u00e1s Abella Editorial:\u00a0Fundaci\u00f3n Interm\u00f3n-Oxfam Tema: Resumen:\u00a0Una escuela de ca\u00f1a y adobe, una peque\u00f1a pizarra en lugar\u00a0de un bloc, el suelo como pupitre. Todos estos elementos describen la educaci\u00f3n en \u00c1frica. A\u00f1o:\u00a02008 ISBN:\u00a0978-84-8997-069-4 Edad:\u00a0A partir del Tercer Ciclo EP Formato:\u00a0Papel<\/p>\n","protected":false},"author":1,"featured_media":0,"comment_status":"closed","ping_status":"closed","sticky":false,"template":"","format":"standard","meta":[],"categories":[22],"tags":[5,7],"_links":{"self":[{"href":"https:\/\/creena.educacion.navarra.es\/web\/guiasensibilizacion\/wp-json\/wp\/v2\/posts\/900"}],"collection":[{"href":"https:\/\/creena.educacion.navarra.es\/web\/guiasensibilizacion\/wp-json\/wp\/v2\/posts"}],"about":[{"href":"https:\/\/creena.educacion.navarra.es\/web\/guiasensibilizacion\/wp-json\/wp\/v2\/types\/post"}],"author":[{"embeddable":true,"href":"https:\/\/creena.educacion.navarra.es\/web\/guiasensibilizacion\/wp-json\/wp\/v2\/users\/1"}],"replies":[{"embeddable":true,"href":"https:\/\/creena.educacion.navarra.es\/web\/guiasensibilizacion\/wp-json\/wp\/v2\/comments?post=900"}],"version-history":[{"count":2,"href":"https:\/\/creena.educacion.navarra.es\/web\/guiasensibilizacion\/wp-json\/wp\/v2\/posts\/900\/revisions"}],"predecessor-version":[{"id":2210,"href":"https:\/\/creena.educacion.navarra.es\/web\/guiasensibilizacion\/wp-json\/wp\/v2\/posts\/900\/revisions\/2210"}],"wp:attachment":[{"href":"https:\/\/creena.educacion.navarra.es\/web\/guiasensibilizacion\/wp-json\/wp\/v2\/media?parent=900"}],"wp:term":[{"taxonomy":"category","embeddable":true,"href":"https:\/\/creena.educacion.navarra.es\/web\/guiasensibilizacion\/wp-json\/wp\/v2\/categories?post=900"},{"taxonomy":"post_tag","embeddable":true,"href":"https:\/\/creena.educacion.navarra.es\/web\/guiasensibilizacion\/wp-json\/wp\/v2\/tags?post=900"}],"curies":[{"name":"wp","href":"https:\/\/api.w.org\/{rel}","templated":true}]}}