{"id":1120,"date":"2021-06-07T09:55:54","date_gmt":"2021-06-07T09:55:54","guid":{"rendered":"https:\/\/creena.educacion.navarra.es\/web\/pruebas-psicopedagogicas\/?p=1120"},"modified":"2023-11-07T12:18:32","modified_gmt":"2023-11-07T12:18:32","slug":"edac","status":"publish","type":"post","link":"https:\/\/creena.educacion.navarra.es\/web\/pruebas-psicopedagogicas\/2021\/06\/07\/edac\/","title":{"rendered":"EDAC"},"content":{"rendered":"\n<div class=\"wp-block-image\"><figure class=\"aligncenter size-large is-resized\"><img loading=\"lazy\" src=\"https:\/\/creena.educacion.navarra.es\/web\/pruebas-psicopedagogicas\/wp-content\/uploads\/sites\/9\/2021\/06\/edac.jpg\" alt=\"\" class=\"wp-image-1123\" width=\"127\" height=\"181\" srcset=\"https:\/\/creena.educacion.navarra.es\/web\/pruebas-psicopedagogicas\/wp-content\/uploads\/sites\/9\/2021\/06\/edac.jpg 700w, https:\/\/creena.educacion.navarra.es\/web\/pruebas-psicopedagogicas\/wp-content\/uploads\/sites\/9\/2021\/06\/edac-210x300.jpg 210w\" sizes=\"(max-width: 127px) 100vw, 127px\" \/><\/figure><\/div>\n\n\n\n<p><mark style=\"background-color:rgba(0, 0, 0, 0)\" class=\"has-inline-color has-blue-color\">T\u00edtulo:\u00a0<\/mark><strong>EDAC. <\/strong>Escala de Detecci\u00f3n de Alumnos con Altas Capacidades.<\/p>\n\n\n\n<p><mark style=\"background-color:rgba(0, 0, 0, 0)\" class=\"has-inline-color has-blue-color\">Correcci\u00f3n<\/mark>: manual<\/p>\n\n\n\n<p>\u00c1<span class=\"has-inline-color has-blue-color\">mbitos Valorados. \u00cdndices y subescalas:<\/span>&nbsp;Evaluaci\u00f3n de cuatro aracteristicas consideradas como importantes en la identificacion de los sujeros con altas capacidades:<\/p>\n\n\n\n<ul><li>Capacidades cognitivas<\/li><li>Pensamiento divergente<\/li><li>Caracter\u00edsticas motivacionales y de personalidad<\/li><li>Liderazgo.<\/li><\/ul>\n\n\n\n<p><mark style=\"background-color:rgba(0, 0, 0, 0)\" class=\"has-inline-color has-blue-color\">Intervalos de edad:<\/mark>\u00a0de 3\u00ba a 6\u00ba de Educaci\u00f3n Primaria<\/p>\n\n\n\n<p><mark style=\"background-color:rgba(0, 0, 0, 0)\" class=\"has-inline-color has-blue-color\">Modalidad de aplicaci\u00f3n:<\/mark>\u00a0Individual<\/p>\n\n\n\n<p><mark style=\"background-color:rgba(0, 0, 0, 0)\" class=\"has-inline-color has-blue-color\">Tiempo de aplicaci\u00f3n:<\/mark>\u00a0Variable (aprox. 15 minutos)<\/p>\n\n\n\n<p><mark style=\"background-color:rgba(0, 0, 0, 0)\" class=\"has-inline-color has-blue-color\">Observaciones:<\/mark>\u00a0Escala de observaci\u00f3n para ser contestada por los profesores con respecto a cada alumno evaluado<\/p>\n\n\n\n<p><a href=\"http:\/\/www.gac.com.es\/editorial\/INFO\/Manuales\/edacMANU.pdf\" target=\"_blank\" rel=\"noreferrer noopener\">MAS INFORMACI\u00d3N<\/a><\/p>\n","protected":false},"excerpt":{"rendered":"<p>T\u00edtulo:\u00a0EDAC. Escala de Detecci\u00f3n de Alumnos con Altas Capacidades. Correcci\u00f3n: manual \u00c1mbitos Valorados. \u00cdndices y subescalas:&nbsp;Evaluaci\u00f3n de cuatro aracteristicas consideradas como importantes en la identificacion de los sujeros con altas capacidades: Capacidades cognitivas Pensamiento divergente Caracter\u00edsticas motivacionales y de personalidad &hellip; <a href=\"https:\/\/creena.educacion.navarra.es\/web\/pruebas-psicopedagogicas\/2021\/06\/07\/edac\/\">Sigue leyendo <span class=\"meta-nav\">&rarr;<\/span><\/a><\/p>\n","protected":false},"author":1,"featured_media":0,"comment_status":"closed","ping_status":"closed","sticky":false,"template":"","format":"standard","meta":[],"categories":[4],"tags":[],"_links":{"self":[{"href":"https:\/\/creena.educacion.navarra.es\/web\/pruebas-psicopedagogicas\/wp-json\/wp\/v2\/posts\/1120"}],"collection":[{"href":"https:\/\/creena.educacion.navarra.es\/web\/pruebas-psicopedagogicas\/wp-json\/wp\/v2\/posts"}],"about":[{"href":"https:\/\/creena.educacion.navarra.es\/web\/pruebas-psicopedagogicas\/wp-json\/wp\/v2\/types\/post"}],"author":[{"embeddable":true,"href":"https:\/\/creena.educacion.navarra.es\/web\/pruebas-psicopedagogicas\/wp-json\/wp\/v2\/users\/1"}],"replies":[{"embeddable":true,"href":"https:\/\/creena.educacion.navarra.es\/web\/pruebas-psicopedagogicas\/wp-json\/wp\/v2\/comments?post=1120"}],"version-history":[{"count":4,"href":"https:\/\/creena.educacion.navarra.es\/web\/pruebas-psicopedagogicas\/wp-json\/wp\/v2\/posts\/1120\/revisions"}],"predecessor-version":[{"id":1251,"href":"https:\/\/creena.educacion.navarra.es\/web\/pruebas-psicopedagogicas\/wp-json\/wp\/v2\/posts\/1120\/revisions\/1251"}],"wp:attachment":[{"href":"https:\/\/creena.educacion.navarra.es\/web\/pruebas-psicopedagogicas\/wp-json\/wp\/v2\/media?parent=1120"}],"wp:term":[{"taxonomy":"category","embeddable":true,"href":"https:\/\/creena.educacion.navarra.es\/web\/pruebas-psicopedagogicas\/wp-json\/wp\/v2\/categories?post=1120"},{"taxonomy":"post_tag","embeddable":true,"href":"https:\/\/creena.educacion.navarra.es\/web\/pruebas-psicopedagogicas\/wp-json\/wp\/v2\/tags?post=1120"}],"curies":[{"name":"wp","href":"https:\/\/api.w.org\/{rel}","templated":true}]}}