{"id":116,"date":"2020-10-21T12:00:23","date_gmt":"2020-10-21T12:00:23","guid":{"rendered":"https:\/\/creena.educacion.navarra.es\/web\/pruebas-psicopedagogicas\/?p=116"},"modified":"2020-10-21T12:00:23","modified_gmt":"2020-10-21T12:00:23","slug":"emav","status":"publish","type":"post","link":"https:\/\/creena.educacion.navarra.es\/web\/pruebas-psicopedagogicas\/2020\/10\/21\/emav\/","title":{"rendered":"EMAV"},"content":{"rendered":"\n<div class=\"wp-block-image\"><figure class=\"aligncenter size-large is-resized\"><img loading=\"lazy\" src=\"https:\/\/creena.educacion.navarra.es\/web\/pruebas-psicopedagogicas\/wp-content\/uploads\/sites\/9\/2020\/10\/emav.png\" alt=\"\" class=\"wp-image-173\" width=\"153\" height=\"204\" srcset=\"https:\/\/creena.educacion.navarra.es\/web\/pruebas-psicopedagogicas\/wp-content\/uploads\/sites\/9\/2020\/10\/emav.png 384w, https:\/\/creena.educacion.navarra.es\/web\/pruebas-psicopedagogicas\/wp-content\/uploads\/sites\/9\/2020\/10\/emav-225x300.png 225w\" sizes=\"(max-width: 153px) 100vw, 153px\" \/><\/figure><\/div>\n\n\n\n<p><span class=\"has-inline-color has-blue-color\">T\u00edtulo:<\/span>  <strong>EMAV<\/strong>. Escalas Magallanes de Atenci\u00f3n visual ( Formas I y II) (Garc\u00eda y Magaz 2000)<\/p>\n\n\n\n<p><span class=\"has-inline-color has-blue-color\">\u00c1mbitos Valorados. \u00cdndices y subescalas:<\/span> <\/p>\n\n\n\n<p>Focalizaci\u00f3n, mantenimiento, codificaci\u00f3n y estabilizaci\u00f3n de la atenci\u00f3n.<\/p>\n\n\n\n<p>Atenci\u00f3n sostenida Eficacia (calidad) de atenci\u00f3n<\/p>\n\n\n\n<p><span class=\"has-inline-color has-blue-color\">Intervalos de edad:<\/span> 5 \u2013 9 a\u00f1os;   > 10 a\u00f1os<\/p>\n\n\n\n<p><span class=\"has-inline-color has-blue-color\">Modalidad de aplicaci\u00f3n:<\/span> Individual o colectiva<\/p>\n\n\n\n<p><span class=\"has-inline-color has-blue-color\">Tiempo de aplicaci\u00f3n:<\/span> Variable. F I: 6` F II: 12`<\/p>\n\n\n\n<p><span class=\"has-inline-color has-blue-color\">Observaciones:<\/span>  <\/p>\n\n\n\n<p>Tarea: B\u00fasqueda visual para identificar figuras iguales a un modelo.<\/p>\n\n\n\n<p>\u00cdndices de calidad de atenci\u00f3n (CA) y de atenci\u00f3n sostenida (AS) Percentiles en programa inform\u00e1tico tipisoft: emav.<\/p>\n\n\n\n<p><span class=\"has-inline-color has-blue-color\"><a href=\"https:\/\/www.espaciologopedico.com\/tienda\/prod\/779\/emav-1-2-escalas-magallanes-de-atencion-visual.html\" target=\"_blank\" rel=\"noreferrer noopener\">MAS INFORMACI\u00d3N<\/a><\/span><\/p>\n","protected":false},"excerpt":{"rendered":"<p>T\u00edtulo: EMAV. Escalas Magallanes de Atenci\u00f3n visual ( Formas I y II) (Garc\u00eda y Magaz 2000) \u00c1mbitos Valorados. \u00cdndices y subescalas: Focalizaci\u00f3n, mantenimiento, codificaci\u00f3n y estabilizaci\u00f3n de la atenci\u00f3n. Atenci\u00f3n sostenida Eficacia (calidad) de atenci\u00f3n Intervalos de edad: 5 \u2013 &hellip; <a href=\"https:\/\/creena.educacion.navarra.es\/web\/pruebas-psicopedagogicas\/2020\/10\/21\/emav\/\">Sigue leyendo <span class=\"meta-nav\">&rarr;<\/span><\/a><\/p>\n","protected":false},"author":1,"featured_media":0,"comment_status":"closed","ping_status":"","sticky":false,"template":"","format":"standard","meta":[],"categories":[13],"tags":[],"_links":{"self":[{"href":"https:\/\/creena.educacion.navarra.es\/web\/pruebas-psicopedagogicas\/wp-json\/wp\/v2\/posts\/116"}],"collection":[{"href":"https:\/\/creena.educacion.navarra.es\/web\/pruebas-psicopedagogicas\/wp-json\/wp\/v2\/posts"}],"about":[{"href":"https:\/\/creena.educacion.navarra.es\/web\/pruebas-psicopedagogicas\/wp-json\/wp\/v2\/types\/post"}],"author":[{"embeddable":true,"href":"https:\/\/creena.educacion.navarra.es\/web\/pruebas-psicopedagogicas\/wp-json\/wp\/v2\/users\/1"}],"replies":[{"embeddable":true,"href":"https:\/\/creena.educacion.navarra.es\/web\/pruebas-psicopedagogicas\/wp-json\/wp\/v2\/comments?post=116"}],"version-history":[{"count":2,"href":"https:\/\/creena.educacion.navarra.es\/web\/pruebas-psicopedagogicas\/wp-json\/wp\/v2\/posts\/116\/revisions"}],"predecessor-version":[{"id":174,"href":"https:\/\/creena.educacion.navarra.es\/web\/pruebas-psicopedagogicas\/wp-json\/wp\/v2\/posts\/116\/revisions\/174"}],"wp:attachment":[{"href":"https:\/\/creena.educacion.navarra.es\/web\/pruebas-psicopedagogicas\/wp-json\/wp\/v2\/media?parent=116"}],"wp:term":[{"taxonomy":"category","embeddable":true,"href":"https:\/\/creena.educacion.navarra.es\/web\/pruebas-psicopedagogicas\/wp-json\/wp\/v2\/categories?post=116"},{"taxonomy":"post_tag","embeddable":true,"href":"https:\/\/creena.educacion.navarra.es\/web\/pruebas-psicopedagogicas\/wp-json\/wp\/v2\/tags?post=116"}],"curies":[{"name":"wp","href":"https:\/\/api.w.org\/{rel}","templated":true}]}}