{"id":120,"date":"2020-10-20T10:56:00","date_gmt":"2020-10-20T10:56:00","guid":{"rendered":"https:\/\/creena.educacion.navarra.es\/web\/pruebas-psicopedagogicas\/?p=120"},"modified":"2023-11-07T12:38:29","modified_gmt":"2023-11-07T12:38:29","slug":"tir","status":"publish","type":"post","link":"https:\/\/creena.educacion.navarra.es\/web\/pruebas-psicopedagogicas\/2020\/10\/20\/tir\/","title":{"rendered":"TIR"},"content":{"rendered":"\n<div class=\"wp-block-image\"><figure class=\"aligncenter size-large is-resized\"><img loading=\"lazy\" src=\"https:\/\/creena.educacion.navarra.es\/web\/pruebas-psicopedagogicas\/wp-content\/uploads\/sites\/9\/2020\/10\/tir.jpg\" alt=\"\" class=\"wp-image-147\" width=\"355\" height=\"219\" srcset=\"https:\/\/creena.educacion.navarra.es\/web\/pruebas-psicopedagogicas\/wp-content\/uploads\/sites\/9\/2020\/10\/tir.jpg 800w, https:\/\/creena.educacion.navarra.es\/web\/pruebas-psicopedagogicas\/wp-content\/uploads\/sites\/9\/2020\/10\/tir-300x186.jpg 300w, https:\/\/creena.educacion.navarra.es\/web\/pruebas-psicopedagogicas\/wp-content\/uploads\/sites\/9\/2020\/10\/tir-768x475.jpg 768w\" sizes=\"(max-width: 355px) 100vw, 355px\" \/><\/figure><\/div>\n\n\n\n<p><mark style=\"background-color:rgba(0, 0, 0, 0)\" class=\"has-inline-color has-blue-color\">T\u00edtulo:<\/mark> <strong>TIR<\/strong>. Test ICCE de Razonamiento. (Niveles 3, 4, 5 y 6) (Garc\u00eda Nieto et a. 1990)<\/p>\n\n\n\n<p><mark style=\"background-color:rgba(0, 0, 0, 0)\" class=\"has-inline-color has-blue-color\">Correcci\u00f3n<\/mark>: manual<\/p>\n\n\n\n<p><mark style=\"background-color:rgba(0, 0, 0, 0)\" class=\"has-inline-color has-blue-color\">\u00c1mbitos Valorados. \u00cdndices y subescalas:<\/mark> <\/p>\n\n\n\n<ul><li>Razonamiento verbal<\/li><li>Razonamiento num\u00e9rico <\/li><li>Razonamiento espacial <\/li><li>Razonamiento L\u00f3gico-abstracto<\/li><\/ul>\n\n\n\n<p><mark style=\"background-color:rgba(0, 0, 0, 0)\" class=\"has-inline-color has-blue-color\">Intervalos de edad:<\/mark> <\/p>\n\n\n\n<ul><li>9 \u2013 12 a\u00f1os <\/li><li>12 \u2013 14 a\u00f1os<\/li><li>14 &#8211; 17 a\u00f1os <\/li><li>16 \u2013 18 a\u00f1os<\/li><\/ul>\n\n\n\n<p><mark style=\"background-color:rgba(0, 0, 0, 0)\" class=\"has-inline-color has-blue-color\">Modalidad de aplicaci\u00f3n:<\/mark> Individual o colectiva<\/p>\n\n\n\n<p><mark style=\"background-color:rgba(0, 0, 0, 0)\" class=\"has-inline-color has-blue-color\">Tiempo de aplicaci\u00f3n:<\/mark> 100`<\/p>\n\n\n\n<p><mark style=\"background-color:rgba(0, 0, 0, 0)\" class=\"has-inline-color has-blue-color\">Observaciones:<\/mark> Puntuaciones \u201cZ\u201d \u201cD\u201d y centiles<\/p>\n\n\n\n<p><\/p>\n","protected":false},"excerpt":{"rendered":"<p>T\u00edtulo: TIR. Test ICCE de Razonamiento. (Niveles 3, 4, 5 y 6) (Garc\u00eda Nieto et a. 1990) Correcci\u00f3n: manual \u00c1mbitos Valorados. \u00cdndices y subescalas: Razonamiento verbal Razonamiento num\u00e9rico Razonamiento espacial Razonamiento L\u00f3gico-abstracto Intervalos de edad: 9 \u2013 12 a\u00f1os 12 &hellip; <a href=\"https:\/\/creena.educacion.navarra.es\/web\/pruebas-psicopedagogicas\/2020\/10\/20\/tir\/\">Sigue leyendo <span class=\"meta-nav\">&rarr;<\/span><\/a><\/p>\n","protected":false},"author":1,"featured_media":0,"comment_status":"closed","ping_status":"closed","sticky":false,"template":"","format":"standard","meta":[],"categories":[10],"tags":[],"_links":{"self":[{"href":"https:\/\/creena.educacion.navarra.es\/web\/pruebas-psicopedagogicas\/wp-json\/wp\/v2\/posts\/120"}],"collection":[{"href":"https:\/\/creena.educacion.navarra.es\/web\/pruebas-psicopedagogicas\/wp-json\/wp\/v2\/posts"}],"about":[{"href":"https:\/\/creena.educacion.navarra.es\/web\/pruebas-psicopedagogicas\/wp-json\/wp\/v2\/types\/post"}],"author":[{"embeddable":true,"href":"https:\/\/creena.educacion.navarra.es\/web\/pruebas-psicopedagogicas\/wp-json\/wp\/v2\/users\/1"}],"replies":[{"embeddable":true,"href":"https:\/\/creena.educacion.navarra.es\/web\/pruebas-psicopedagogicas\/wp-json\/wp\/v2\/comments?post=120"}],"version-history":[{"count":2,"href":"https:\/\/creena.educacion.navarra.es\/web\/pruebas-psicopedagogicas\/wp-json\/wp\/v2\/posts\/120\/revisions"}],"predecessor-version":[{"id":1270,"href":"https:\/\/creena.educacion.navarra.es\/web\/pruebas-psicopedagogicas\/wp-json\/wp\/v2\/posts\/120\/revisions\/1270"}],"wp:attachment":[{"href":"https:\/\/creena.educacion.navarra.es\/web\/pruebas-psicopedagogicas\/wp-json\/wp\/v2\/media?parent=120"}],"wp:term":[{"taxonomy":"category","embeddable":true,"href":"https:\/\/creena.educacion.navarra.es\/web\/pruebas-psicopedagogicas\/wp-json\/wp\/v2\/categories?post=120"},{"taxonomy":"post_tag","embeddable":true,"href":"https:\/\/creena.educacion.navarra.es\/web\/pruebas-psicopedagogicas\/wp-json\/wp\/v2\/tags?post=120"}],"curies":[{"name":"wp","href":"https:\/\/api.w.org\/{rel}","templated":true}]}}