{"id":210,"date":"2020-10-21T13:31:44","date_gmt":"2020-10-21T13:31:44","guid":{"rendered":"https:\/\/creena.educacion.navarra.es\/web\/pruebas-psicopedagogicas\/?p=210"},"modified":"2020-10-21T13:31:44","modified_gmt":"2020-10-21T13:31:44","slug":"arc","status":"publish","type":"post","link":"https:\/\/creena.educacion.navarra.es\/web\/pruebas-psicopedagogicas\/2020\/10\/21\/arc\/","title":{"rendered":"ARC"},"content":{"rendered":"\n<div class=\"wp-block-image\"><figure class=\"aligncenter size-large is-resized\"><img loading=\"lazy\" src=\"https:\/\/creena.educacion.navarra.es\/web\/pruebas-psicopedagogicas\/wp-content\/uploads\/sites\/9\/2020\/10\/arc.png\" alt=\"\" class=\"wp-image-217\" width=\"150\" height=\"222\" srcset=\"https:\/\/creena.educacion.navarra.es\/web\/pruebas-psicopedagogicas\/wp-content\/uploads\/sites\/9\/2020\/10\/arc.png 295w, https:\/\/creena.educacion.navarra.es\/web\/pruebas-psicopedagogicas\/wp-content\/uploads\/sites\/9\/2020\/10\/arc-202x300.png 202w\" sizes=\"(max-width: 150px) 100vw, 150px\" \/><\/figure><\/div>\n\n\n\n<p><span class=\"has-inline-color has-blue-color\">T\u00edtulo:<\/span>  <strong>ARC<\/strong>. Escala de autodeterminaci\u00f3n personal  (2006)<\/p>\n\n\n\n<p><span class=\"has-inline-color has-blue-color\">\u00c1mbitos Valorados. \u00cdndices y subescalas:<\/span> Instrumento de valoraci\u00f3n y gu\u00eda de aplicaci\u00f3n. Adolescente y adultos con discapacidad intelectual<\/p>\n\n\n\n<p><span class=\"has-inline-color has-blue-color\">Intervalos de edad:<\/span> Adolescentes y adultos<\/p>\n\n\n\n<p><span class=\"has-inline-color has-blue-color\">Modalidad de aplicaci\u00f3n:<\/span> Individual<\/p>\n\n\n\n<p><span class=\"has-inline-color has-blue-color\">Tiempo de aplicaci\u00f3n:<\/span> 50\u00b4<\/p>\n\n\n\n<p><span class=\"has-inline-color has-blue-color\">Observaciones:<\/span><\/p>\n\n\n\n<p><span class=\"has-inline-color has-blue-color\"><a href=\"https:\/\/editorialcepe.es\/titulo\/arc-escala-de-autoderminacion-personal\/\" target=\"_blank\" rel=\"noreferrer noopener\">MAS INFORMACI\u00d3N<\/a><\/span><\/p>\n","protected":false},"excerpt":{"rendered":"<p>T\u00edtulo: ARC. Escala de autodeterminaci\u00f3n personal (2006) \u00c1mbitos Valorados. \u00cdndices y subescalas: Instrumento de valoraci\u00f3n y gu\u00eda de aplicaci\u00f3n. Adolescente y adultos con discapacidad intelectual Intervalos de edad: Adolescentes y adultos Modalidad de aplicaci\u00f3n: Individual Tiempo de aplicaci\u00f3n: 50\u00b4 Observaciones: &hellip; <a href=\"https:\/\/creena.educacion.navarra.es\/web\/pruebas-psicopedagogicas\/2020\/10\/21\/arc\/\">Sigue leyendo <span class=\"meta-nav\">&rarr;<\/span><\/a><\/p>\n","protected":false},"author":1,"featured_media":0,"comment_status":"closed","ping_status":"","sticky":false,"template":"","format":"standard","meta":[],"categories":[14],"tags":[],"_links":{"self":[{"href":"https:\/\/creena.educacion.navarra.es\/web\/pruebas-psicopedagogicas\/wp-json\/wp\/v2\/posts\/210"}],"collection":[{"href":"https:\/\/creena.educacion.navarra.es\/web\/pruebas-psicopedagogicas\/wp-json\/wp\/v2\/posts"}],"about":[{"href":"https:\/\/creena.educacion.navarra.es\/web\/pruebas-psicopedagogicas\/wp-json\/wp\/v2\/types\/post"}],"author":[{"embeddable":true,"href":"https:\/\/creena.educacion.navarra.es\/web\/pruebas-psicopedagogicas\/wp-json\/wp\/v2\/users\/1"}],"replies":[{"embeddable":true,"href":"https:\/\/creena.educacion.navarra.es\/web\/pruebas-psicopedagogicas\/wp-json\/wp\/v2\/comments?post=210"}],"version-history":[{"count":1,"href":"https:\/\/creena.educacion.navarra.es\/web\/pruebas-psicopedagogicas\/wp-json\/wp\/v2\/posts\/210\/revisions"}],"predecessor-version":[{"id":218,"href":"https:\/\/creena.educacion.navarra.es\/web\/pruebas-psicopedagogicas\/wp-json\/wp\/v2\/posts\/210\/revisions\/218"}],"wp:attachment":[{"href":"https:\/\/creena.educacion.navarra.es\/web\/pruebas-psicopedagogicas\/wp-json\/wp\/v2\/media?parent=210"}],"wp:term":[{"taxonomy":"category","embeddable":true,"href":"https:\/\/creena.educacion.navarra.es\/web\/pruebas-psicopedagogicas\/wp-json\/wp\/v2\/categories?post=210"},{"taxonomy":"post_tag","embeddable":true,"href":"https:\/\/creena.educacion.navarra.es\/web\/pruebas-psicopedagogicas\/wp-json\/wp\/v2\/tags?post=210"}],"curies":[{"name":"wp","href":"https:\/\/api.w.org\/{rel}","templated":true}]}}