{"id":252,"date":"2020-10-26T12:23:44","date_gmt":"2020-10-26T12:23:44","guid":{"rendered":"https:\/\/creena.educacion.navarra.es\/web\/pruebas-psicopedagogicas\/?p=252"},"modified":"2020-11-19T11:31:07","modified_gmt":"2020-11-19T11:31:07","slug":"reynell-zinkin","status":"publish","type":"post","link":"https:\/\/creena.educacion.navarra.es\/web\/pruebas-psicopedagogicas\/2020\/10\/26\/reynell-zinkin\/","title":{"rendered":"REYNELL-ZINKIN"},"content":{"rendered":"\n<div class=\"wp-block-image\"><figure class=\"aligncenter size-large is-resized\"><img loading=\"lazy\" src=\"https:\/\/creena.educacion.navarra.es\/web\/pruebas-psicopedagogicas\/wp-content\/uploads\/sites\/9\/2020\/11\/RYNELLZ-787x1024.jpg\" alt=\"\" class=\"wp-image-794\" width=\"155\" height=\"202\" srcset=\"https:\/\/creena.educacion.navarra.es\/web\/pruebas-psicopedagogicas\/wp-content\/uploads\/sites\/9\/2020\/11\/RYNELLZ-787x1024.jpg 787w, https:\/\/creena.educacion.navarra.es\/web\/pruebas-psicopedagogicas\/wp-content\/uploads\/sites\/9\/2020\/11\/RYNELLZ-230x300.jpg 230w, https:\/\/creena.educacion.navarra.es\/web\/pruebas-psicopedagogicas\/wp-content\/uploads\/sites\/9\/2020\/11\/RYNELLZ-768x1000.jpg 768w, https:\/\/creena.educacion.navarra.es\/web\/pruebas-psicopedagogicas\/wp-content\/uploads\/sites\/9\/2020\/11\/RYNELLZ-1180x1536.jpg 1180w, https:\/\/creena.educacion.navarra.es\/web\/pruebas-psicopedagogicas\/wp-content\/uploads\/sites\/9\/2020\/11\/RYNELLZ.jpg 1372w\" sizes=\"(max-width: 155px) 100vw, 155px\" \/><\/figure><\/div>\n\n\n\n<p><span class=\"has-inline-color has-blue-color\">T\u00edtulo:<\/span> <strong>REYNELL-ZINKIN <\/strong>Escala de desarrollo para ni\u00f1os peque\u00f1os con d\u00e9ficits visuales. (Johan Reynbell s.a.)<\/p>\n\n\n\n<p><span class=\"has-inline-color has-blue-color\">\u00c1mbitos Valorados. \u00cdndices y subescalas:<\/span> Instrumento evaluaci\u00f3n desarrollo infantil el las Subescalas: Reflejos, desarrollo mental, adaptaci\u00f3n social, desarrollo sensoriomotriz, exploraci\u00f3n del ambiente, respuesta al sonido-comprensi\u00f3n verbal y lenguaje expresivo<\/p>\n\n\n\n<p><span class=\"has-inline-color has-blue-color\">Intervalos de edad:<\/span> 0-6 a\u00f1os<\/p>\n\n\n\n<p><span class=\"has-inline-color has-blue-color\">Modalidad de aplicaci\u00f3n:<\/span> Individual<\/p>\n\n\n\n<p><span class=\"has-inline-color has-blue-color\">Tiempo de aplicaci\u00f3n:<\/span><\/p>\n\n\n\n<p><span class=\"has-inline-color has-blue-color\">Observaciones:<\/span> Tablas puntuaci\u00f3n de edad cronol\u00f3gica y edad desarrollo<\/p>\n\n\n\n<p><span class=\"has-inline-color has-blue-color\"><a href=\"https:\/\/www.espaciologopedico.com\/tienda\/prod\/21709\/escala-de-desarrollo-del-lenguaje-reynell-juego-completo.html\" target=\"_blank\" rel=\"noreferrer noopener\">MAS INFORMACI\u00d3N<\/a><\/span><\/p>\n","protected":false},"excerpt":{"rendered":"<p>T\u00edtulo: REYNELL-ZINKIN Escala de desarrollo para ni\u00f1os peque\u00f1os con d\u00e9ficits visuales. (Johan Reynbell s.a.) \u00c1mbitos Valorados. \u00cdndices y subescalas: Instrumento evaluaci\u00f3n desarrollo infantil el las Subescalas: Reflejos, desarrollo mental, adaptaci\u00f3n social, desarrollo sensoriomotriz, exploraci\u00f3n del ambiente, respuesta al sonido-comprensi\u00f3n verbal &hellip; <a href=\"https:\/\/creena.educacion.navarra.es\/web\/pruebas-psicopedagogicas\/2020\/10\/26\/reynell-zinkin\/\">Sigue leyendo <span class=\"meta-nav\">&rarr;<\/span><\/a><\/p>\n","protected":false},"author":1,"featured_media":0,"comment_status":"closed","ping_status":"","sticky":false,"template":"","format":"standard","meta":[],"categories":[24],"tags":[],"_links":{"self":[{"href":"https:\/\/creena.educacion.navarra.es\/web\/pruebas-psicopedagogicas\/wp-json\/wp\/v2\/posts\/252"}],"collection":[{"href":"https:\/\/creena.educacion.navarra.es\/web\/pruebas-psicopedagogicas\/wp-json\/wp\/v2\/posts"}],"about":[{"href":"https:\/\/creena.educacion.navarra.es\/web\/pruebas-psicopedagogicas\/wp-json\/wp\/v2\/types\/post"}],"author":[{"embeddable":true,"href":"https:\/\/creena.educacion.navarra.es\/web\/pruebas-psicopedagogicas\/wp-json\/wp\/v2\/users\/1"}],"replies":[{"embeddable":true,"href":"https:\/\/creena.educacion.navarra.es\/web\/pruebas-psicopedagogicas\/wp-json\/wp\/v2\/comments?post=252"}],"version-history":[{"count":3,"href":"https:\/\/creena.educacion.navarra.es\/web\/pruebas-psicopedagogicas\/wp-json\/wp\/v2\/posts\/252\/revisions"}],"predecessor-version":[{"id":795,"href":"https:\/\/creena.educacion.navarra.es\/web\/pruebas-psicopedagogicas\/wp-json\/wp\/v2\/posts\/252\/revisions\/795"}],"wp:attachment":[{"href":"https:\/\/creena.educacion.navarra.es\/web\/pruebas-psicopedagogicas\/wp-json\/wp\/v2\/media?parent=252"}],"wp:term":[{"taxonomy":"category","embeddable":true,"href":"https:\/\/creena.educacion.navarra.es\/web\/pruebas-psicopedagogicas\/wp-json\/wp\/v2\/categories?post=252"},{"taxonomy":"post_tag","embeddable":true,"href":"https:\/\/creena.educacion.navarra.es\/web\/pruebas-psicopedagogicas\/wp-json\/wp\/v2\/tags?post=252"}],"curies":[{"name":"wp","href":"https:\/\/api.w.org\/{rel}","templated":true}]}}