{"id":366,"date":"2020-10-26T11:01:25","date_gmt":"2020-10-26T11:01:25","guid":{"rendered":"https:\/\/creena.educacion.navarra.es\/web\/pruebas-psicopedagogicas\/?p=366"},"modified":"2020-10-26T11:01:25","modified_gmt":"2020-10-26T11:01:25","slug":"crea","status":"publish","type":"post","link":"https:\/\/creena.educacion.navarra.es\/web\/pruebas-psicopedagogicas\/2020\/10\/26\/crea\/","title":{"rendered":"CREA"},"content":{"rendered":"\n<div class=\"wp-block-image\"><figure class=\"aligncenter size-large is-resized\"><img loading=\"lazy\" src=\"https:\/\/creena.educacion.navarra.es\/web\/pruebas-psicopedagogicas\/wp-content\/uploads\/sites\/9\/2020\/10\/crea.jpg\" alt=\"\" class=\"wp-image-377\" width=\"143\" height=\"203\"\/><\/figure><\/div>\n\n\n\n<p><span class=\"has-inline-color has-blue-color\">T\u00edtulo:<\/span> <strong>CREA.<\/strong> Inteligencia Creativa. Modalidades (A, B y C). (Corbal\u00e1, Mart\u00ednez\u2026 2003)<\/p>\n\n\n\n<p><span class=\"has-inline-color has-blue-color\">\u00c1mbitos Valorados. \u00cdndices y subescalas:<\/span> Inteligencia creativa en el contexto de la b\u00fasqueda y resoluci\u00f3n de problemas<\/p>\n\n\n\n<p><span class=\"has-inline-color has-blue-color\">Intervalos de edad:<\/span> <\/p>\n\n\n\n<ul><li>6 -11 a\u00f1os<\/li><li>12 -16 a\u00f1os adultos<\/li><\/ul>\n\n\n\n<p><span class=\"has-inline-color has-blue-color\">Modalidad de aplicaci\u00f3n:<\/span> Individual o colectiva<\/p>\n\n\n\n<p><span class=\"has-inline-color has-blue-color\">Tiempo de aplicaci\u00f3n:<\/span> 10`<\/p>\n\n\n\n<p><span class=\"has-inline-color has-blue-color\">Observaciones:<\/span> Tarea: elaboraci\u00f3n de preguntas. Criterios de puntuaci\u00f3n y baremos por edades con centiles. Criterios interpretativos del rango obtenido.<\/p>\n\n\n\n<p><span class=\"has-inline-color has-blue-color\"><a href=\"http:\/\/web.teaediciones.com\/crea-inteligencia-creativa.aspx\" target=\"_blank\" rel=\"noreferrer noopener\">MAS INFORMACI\u00d3N<\/a><\/span><\/p>\n","protected":false},"excerpt":{"rendered":"<p>T\u00edtulo: CREA. Inteligencia Creativa. Modalidades (A, B y C). (Corbal\u00e1, Mart\u00ednez\u2026 2003) \u00c1mbitos Valorados. \u00cdndices y subescalas: Inteligencia creativa en el contexto de la b\u00fasqueda y resoluci\u00f3n de problemas Intervalos de edad: 6 -11 a\u00f1os 12 -16 a\u00f1os adultos Modalidad &hellip; <a href=\"https:\/\/creena.educacion.navarra.es\/web\/pruebas-psicopedagogicas\/2020\/10\/26\/crea\/\">Sigue leyendo <span class=\"meta-nav\">&rarr;<\/span><\/a><\/p>\n","protected":false},"author":1,"featured_media":0,"comment_status":"closed","ping_status":"","sticky":false,"template":"","format":"standard","meta":[],"categories":[23],"tags":[],"_links":{"self":[{"href":"https:\/\/creena.educacion.navarra.es\/web\/pruebas-psicopedagogicas\/wp-json\/wp\/v2\/posts\/366"}],"collection":[{"href":"https:\/\/creena.educacion.navarra.es\/web\/pruebas-psicopedagogicas\/wp-json\/wp\/v2\/posts"}],"about":[{"href":"https:\/\/creena.educacion.navarra.es\/web\/pruebas-psicopedagogicas\/wp-json\/wp\/v2\/types\/post"}],"author":[{"embeddable":true,"href":"https:\/\/creena.educacion.navarra.es\/web\/pruebas-psicopedagogicas\/wp-json\/wp\/v2\/users\/1"}],"replies":[{"embeddable":true,"href":"https:\/\/creena.educacion.navarra.es\/web\/pruebas-psicopedagogicas\/wp-json\/wp\/v2\/comments?post=366"}],"version-history":[{"count":1,"href":"https:\/\/creena.educacion.navarra.es\/web\/pruebas-psicopedagogicas\/wp-json\/wp\/v2\/posts\/366\/revisions"}],"predecessor-version":[{"id":378,"href":"https:\/\/creena.educacion.navarra.es\/web\/pruebas-psicopedagogicas\/wp-json\/wp\/v2\/posts\/366\/revisions\/378"}],"wp:attachment":[{"href":"https:\/\/creena.educacion.navarra.es\/web\/pruebas-psicopedagogicas\/wp-json\/wp\/v2\/media?parent=366"}],"wp:term":[{"taxonomy":"category","embeddable":true,"href":"https:\/\/creena.educacion.navarra.es\/web\/pruebas-psicopedagogicas\/wp-json\/wp\/v2\/categories?post=366"},{"taxonomy":"post_tag","embeddable":true,"href":"https:\/\/creena.educacion.navarra.es\/web\/pruebas-psicopedagogicas\/wp-json\/wp\/v2\/tags?post=366"}],"curies":[{"name":"wp","href":"https:\/\/api.w.org\/{rel}","templated":true}]}}