{"id":372,"date":"2020-10-26T11:45:07","date_gmt":"2020-10-26T11:45:07","guid":{"rendered":"https:\/\/creena.educacion.navarra.es\/web\/pruebas-psicopedagogicas\/?p=372"},"modified":"2026-02-04T09:45:48","modified_gmt":"2026-02-04T09:45:48","slug":"bayley-iii","status":"publish","type":"post","link":"https:\/\/creena.educacion.navarra.es\/web\/pruebas-psicopedagogicas\/2020\/10\/26\/bayley-iii\/","title":{"rendered":"BAYLEY-III"},"content":{"rendered":"\n<div class=\"wp-block-image\"><figure class=\"aligncenter size-large is-resized\"><img loading=\"lazy\" src=\"https:\/\/creena.educacion.navarra.es\/web\/pruebas-psicopedagogicas\/wp-content\/uploads\/sites\/9\/2020\/10\/Bayley-III.png\" alt=\"\" class=\"wp-image-389\" width=\"365\" height=\"252\" srcset=\"https:\/\/creena.educacion.navarra.es\/web\/pruebas-psicopedagogicas\/wp-content\/uploads\/sites\/9\/2020\/10\/Bayley-III.png 450w, https:\/\/creena.educacion.navarra.es\/web\/pruebas-psicopedagogicas\/wp-content\/uploads\/sites\/9\/2020\/10\/Bayley-III-300x207.png 300w\" sizes=\"(max-width: 365px) 100vw, 365px\" \/><\/figure><\/div>\n\n\n\n<p><mark style=\"background-color:rgba(0, 0, 0, 0)\" class=\"has-inline-color has-blue-color\">T\u00edtulo:<\/mark> <strong>BAYLEY-III. <\/strong>Escalas de desarrollo Infantil-III (Nancy Bayley. 2014)<\/p>\n\n\n\n<p><mark style=\"background-color:rgba(0, 0, 0, 0)\" class=\"has-inline-color has-blue-color\">\u00c1mbitos Valorados. \u00cdndices y subescalas:<\/mark>  Escala Cognitiva: Preferencia visual, atenci\u00f3n, memoria, procesamiento sensoriomotor, exploraci\u00f3n y manipulaci\u00f3n, formaci\u00f3n de conceptos.<\/p>\n\n\n\n<p><mark style=\"background-color:rgba(0, 0, 0, 0)\" class=\"has-inline-color has-blue-color\">Intervalos de edad:<\/mark>  1-42 meses<\/p>\n\n\n\n<p><mark style=\"background-color:rgba(0, 0, 0, 0)\" class=\"has-inline-color has-blue-color\">Modalidad de aplicaci\u00f3n:<\/mark> Individual<\/p>\n\n\n\n<p><mark style=\"background-color:rgba(0, 0, 0, 0)\" class=\"has-inline-color has-blue-color\">Tiempo de aplicaci\u00f3n:<\/mark> 30-90 min dependiendo edad el ni\u00f1o<\/p>\n\n\n\n<p><mark style=\"background-color:rgba(0, 0, 0, 0)\" class=\"has-inline-color has-blue-color\">Observaciones:<\/mark> <\/p>\n\n\n\n<ul><li>Puntuaciones escalares<\/li><li>Puntuaciones directas<\/li><li>Puntuaciones centiles<\/li><li>Puntuaciones compuestas<\/li><li> Edades equivalentes<\/li><\/ul>\n\n\n\n<p><mark style=\"background-color:rgba(0, 0, 0, 0)\" class=\"has-inline-color has-blue-color\"><a rel=\"noreferrer noopener\" href=\"https:\/\/www.pearsonclinical.es\/bayley-iii-escalas-bayley-de-desarrollo-infantil-iii#:~:text=La%20Bayley%2DIII%20es%20una,de%20tener%20%C3%A9xito%20y%20progresar.\" target=\"_blank\">MAS INFORMACI\u00d3N<\/a><\/mark><\/p>\n","protected":false},"excerpt":{"rendered":"<p>T\u00edtulo: BAYLEY-III. Escalas de desarrollo Infantil-III (Nancy Bayley. 2014) \u00c1mbitos Valorados. \u00cdndices y subescalas: Escala Cognitiva: Preferencia visual, atenci\u00f3n, memoria, procesamiento sensoriomotor, exploraci\u00f3n y manipulaci\u00f3n, formaci\u00f3n de conceptos. Intervalos de edad: 1-42 meses Modalidad de aplicaci\u00f3n: Individual Tiempo de aplicaci\u00f3n: &hellip; <a href=\"https:\/\/creena.educacion.navarra.es\/web\/pruebas-psicopedagogicas\/2020\/10\/26\/bayley-iii\/\">Sigue leyendo <span class=\"meta-nav\">&rarr;<\/span><\/a><\/p>\n","protected":false},"author":1,"featured_media":0,"comment_status":"closed","ping_status":"closed","sticky":false,"template":"","format":"standard","meta":[],"categories":[24],"tags":[],"_links":{"self":[{"href":"https:\/\/creena.educacion.navarra.es\/web\/pruebas-psicopedagogicas\/wp-json\/wp\/v2\/posts\/372"}],"collection":[{"href":"https:\/\/creena.educacion.navarra.es\/web\/pruebas-psicopedagogicas\/wp-json\/wp\/v2\/posts"}],"about":[{"href":"https:\/\/creena.educacion.navarra.es\/web\/pruebas-psicopedagogicas\/wp-json\/wp\/v2\/types\/post"}],"author":[{"embeddable":true,"href":"https:\/\/creena.educacion.navarra.es\/web\/pruebas-psicopedagogicas\/wp-json\/wp\/v2\/users\/1"}],"replies":[{"embeddable":true,"href":"https:\/\/creena.educacion.navarra.es\/web\/pruebas-psicopedagogicas\/wp-json\/wp\/v2\/comments?post=372"}],"version-history":[{"count":2,"href":"https:\/\/creena.educacion.navarra.es\/web\/pruebas-psicopedagogicas\/wp-json\/wp\/v2\/posts\/372\/revisions"}],"predecessor-version":[{"id":1396,"href":"https:\/\/creena.educacion.navarra.es\/web\/pruebas-psicopedagogicas\/wp-json\/wp\/v2\/posts\/372\/revisions\/1396"}],"wp:attachment":[{"href":"https:\/\/creena.educacion.navarra.es\/web\/pruebas-psicopedagogicas\/wp-json\/wp\/v2\/media?parent=372"}],"wp:term":[{"taxonomy":"category","embeddable":true,"href":"https:\/\/creena.educacion.navarra.es\/web\/pruebas-psicopedagogicas\/wp-json\/wp\/v2\/categories?post=372"},{"taxonomy":"post_tag","embeddable":true,"href":"https:\/\/creena.educacion.navarra.es\/web\/pruebas-psicopedagogicas\/wp-json\/wp\/v2\/tags?post=372"}],"curies":[{"name":"wp","href":"https:\/\/api.w.org\/{rel}","templated":true}]}}