{"id":403,"date":"2020-10-26T12:26:09","date_gmt":"2020-10-26T12:26:09","guid":{"rendered":"https:\/\/creena.educacion.navarra.es\/web\/pruebas-psicopedagogicas\/?p=403"},"modified":"2020-10-26T12:26:09","modified_gmt":"2020-10-26T12:26:09","slug":"dp-3","status":"publish","type":"post","link":"https:\/\/creena.educacion.navarra.es\/web\/pruebas-psicopedagogicas\/2020\/10\/26\/dp-3\/","title":{"rendered":"DP-3"},"content":{"rendered":"\n<div class=\"wp-block-image\"><figure class=\"aligncenter size-large is-resized\"><img loading=\"lazy\" src=\"https:\/\/creena.educacion.navarra.es\/web\/pruebas-psicopedagogicas\/wp-content\/uploads\/sites\/9\/2020\/10\/dp3.jpg\" alt=\"\" class=\"wp-image-410\" width=\"143\" height=\"203\"\/><\/figure><\/div>\n\n\n\n<p><span class=\"has-inline-color has-blue-color\">T\u00edtulo:<\/span> <strong>DP-3<\/strong>. Perfil de desarrollo (Alpern, 2018)<\/p>\n\n\n\n<p><span class=\"has-inline-color has-blue-color\">\u00c1mbitos Valorados. \u00cdndices y subescalas:<\/span> Cuestionario valoraci\u00f3n r\u00e1pida 5 \u00e1reas de desarrollo (Cognici\u00f3n, motricidad, socio-emocional, comunicaci\u00f3n y conducta adaptativa)<\/p>\n\n\n\n<p><span class=\"has-inline-color has-blue-color\">Intervalos de edad:<\/span> 0-12:11 a\u00f1os<\/p>\n\n\n\n<p><span class=\"has-inline-color has-blue-color\">Modalidad de aplicaci\u00f3n:<\/span> Individual o Colectiva<\/p>\n\n\n\n<p><span class=\"has-inline-color has-blue-color\">Tiempo de aplicaci\u00f3n:<\/span> 35 min<\/p>\n\n\n\n<p><span class=\"has-inline-color has-blue-color\">Observaciones:<\/span> Puntuaci\u00f3n directa, Puntuaci\u00f3n centil, CI y \u00edndices de riesgo.<\/p>\n\n\n\n<p><span class=\"has-inline-color has-blue-color\"><a href=\"http:\/\/web.teaediciones.com\/Perfil-de-Desarrollo-DP-3.aspx\" target=\"_blank\" rel=\"noreferrer noopener\">MAS INFORMACI\u00d3N<\/a><\/span><\/p>\n","protected":false},"excerpt":{"rendered":"<p>T\u00edtulo: DP-3. Perfil de desarrollo (Alpern, 2018) \u00c1mbitos Valorados. \u00cdndices y subescalas: Cuestionario valoraci\u00f3n r\u00e1pida 5 \u00e1reas de desarrollo (Cognici\u00f3n, motricidad, socio-emocional, comunicaci\u00f3n y conducta adaptativa) Intervalos de edad: 0-12:11 a\u00f1os Modalidad de aplicaci\u00f3n: Individual o Colectiva Tiempo de aplicaci\u00f3n: &hellip; <a href=\"https:\/\/creena.educacion.navarra.es\/web\/pruebas-psicopedagogicas\/2020\/10\/26\/dp-3\/\">Sigue leyendo <span class=\"meta-nav\">&rarr;<\/span><\/a><\/p>\n","protected":false},"author":1,"featured_media":0,"comment_status":"closed","ping_status":"","sticky":false,"template":"","format":"standard","meta":[],"categories":[24],"tags":[],"_links":{"self":[{"href":"https:\/\/creena.educacion.navarra.es\/web\/pruebas-psicopedagogicas\/wp-json\/wp\/v2\/posts\/403"}],"collection":[{"href":"https:\/\/creena.educacion.navarra.es\/web\/pruebas-psicopedagogicas\/wp-json\/wp\/v2\/posts"}],"about":[{"href":"https:\/\/creena.educacion.navarra.es\/web\/pruebas-psicopedagogicas\/wp-json\/wp\/v2\/types\/post"}],"author":[{"embeddable":true,"href":"https:\/\/creena.educacion.navarra.es\/web\/pruebas-psicopedagogicas\/wp-json\/wp\/v2\/users\/1"}],"replies":[{"embeddable":true,"href":"https:\/\/creena.educacion.navarra.es\/web\/pruebas-psicopedagogicas\/wp-json\/wp\/v2\/comments?post=403"}],"version-history":[{"count":1,"href":"https:\/\/creena.educacion.navarra.es\/web\/pruebas-psicopedagogicas\/wp-json\/wp\/v2\/posts\/403\/revisions"}],"predecessor-version":[{"id":411,"href":"https:\/\/creena.educacion.navarra.es\/web\/pruebas-psicopedagogicas\/wp-json\/wp\/v2\/posts\/403\/revisions\/411"}],"wp:attachment":[{"href":"https:\/\/creena.educacion.navarra.es\/web\/pruebas-psicopedagogicas\/wp-json\/wp\/v2\/media?parent=403"}],"wp:term":[{"taxonomy":"category","embeddable":true,"href":"https:\/\/creena.educacion.navarra.es\/web\/pruebas-psicopedagogicas\/wp-json\/wp\/v2\/categories?post=403"},{"taxonomy":"post_tag","embeddable":true,"href":"https:\/\/creena.educacion.navarra.es\/web\/pruebas-psicopedagogicas\/wp-json\/wp\/v2\/tags?post=403"}],"curies":[{"name":"wp","href":"https:\/\/api.w.org\/{rel}","templated":true}]}}