{"id":487,"date":"2020-10-28T10:32:05","date_gmt":"2020-10-28T10:32:05","guid":{"rendered":"https:\/\/creena.educacion.navarra.es\/web\/pruebas-psicopedagogicas\/?p=487"},"modified":"2020-11-17T11:50:44","modified_gmt":"2020-11-17T11:50:44","slug":"escala-leiter","status":"publish","type":"post","link":"https:\/\/creena.educacion.navarra.es\/web\/pruebas-psicopedagogicas\/2020\/10\/28\/escala-leiter\/","title":{"rendered":"ESCALA LEITER"},"content":{"rendered":"\n<div class=\"wp-block-image\"><figure class=\"aligncenter size-large is-resized\"><img loading=\"lazy\" src=\"https:\/\/creena.educacion.navarra.es\/web\/pruebas-psicopedagogicas\/wp-content\/uploads\/sites\/9\/2020\/10\/leiter.jpg\" alt=\"\" class=\"wp-image-762\" width=\"268\" height=\"193\" srcset=\"https:\/\/creena.educacion.navarra.es\/web\/pruebas-psicopedagogicas\/wp-content\/uploads\/sites\/9\/2020\/10\/leiter.jpg 465w, https:\/\/creena.educacion.navarra.es\/web\/pruebas-psicopedagogicas\/wp-content\/uploads\/sites\/9\/2020\/10\/leiter-300x215.jpg 300w\" sizes=\"(max-width: 268px) 100vw, 268px\" \/><\/figure><\/div>\n\n\n\n<p><span class=\"has-inline-color has-blue-color\">T\u00edtulo:<\/span> <strong>ESCALA LEITER-R<\/strong> (Roid y Millar. 1997)<\/p>\n\n\n\n<p><span class=\"has-inline-color has-blue-color\">\u00c1mbitos Valorados. \u00cdndices y subescalas:<\/span>  <\/p>\n\n\n\n<ul><li>Capacidad intelectual global <\/li><li>Bater\u00eda de Visualizaci\u00f3n y Razonamiento (VR)<\/li><li>Bater\u00eda Atenci\u00f3n\/Memoria (AM) <\/li><li>Escala social\/emocional<\/li><\/ul>\n\n\n\n<p><span class=\"has-inline-color has-blue-color\">Intervalos de edad:<\/span><\/p>\n\n\n\n<ul><li>2 \u2013 3 a\u00f1os<\/li><li>4 \u2013 5 a\u00f1os<\/li><li>6 \u2013 10 a\u00f1os <\/li><li>11 \u2013 20 a\u00f1os<\/li><\/ul>\n\n\n\n<p><span class=\"has-inline-color has-blue-color\">Modalidad de aplicaci\u00f3n:<\/span> Individual<\/p>\n\n\n\n<p><span class=\"has-inline-color has-blue-color\">Tiempo de aplicaci\u00f3n:<\/span> Variable seg\u00fan opciones<\/p>\n\n\n\n<p><span class=\"has-inline-color has-blue-color\">Observaciones:<\/span> Prueba manipulativa no verbal. Muy compleja<\/p>\n\n\n\n<p>Bater\u00edas VR y AM independientes Dos opciones: Breve y completa<\/p>\n\n\n\n<p><span class=\"has-inline-color has-blue-color\"><a href=\"http:\/\/psymtec.es\/\" target=\"_blank\" rel=\"noreferrer noopener\">MAS INFORMACI\u00d3N<\/a><\/span><\/p>\n","protected":false},"excerpt":{"rendered":"<p>T\u00edtulo: ESCALA LEITER-R (Roid y Millar. 1997) \u00c1mbitos Valorados. \u00cdndices y subescalas: Capacidad intelectual global Bater\u00eda de Visualizaci\u00f3n y Razonamiento (VR) Bater\u00eda Atenci\u00f3n\/Memoria (AM) Escala social\/emocional Intervalos de edad: 2 \u2013 3 a\u00f1os 4 \u2013 5 a\u00f1os 6 \u2013 10 &hellip; <a href=\"https:\/\/creena.educacion.navarra.es\/web\/pruebas-psicopedagogicas\/2020\/10\/28\/escala-leiter\/\">Sigue leyendo <span class=\"meta-nav\">&rarr;<\/span><\/a><\/p>\n","protected":false},"author":1,"featured_media":0,"comment_status":"closed","ping_status":"","sticky":false,"template":"","format":"standard","meta":[],"categories":[29],"tags":[52],"_links":{"self":[{"href":"https:\/\/creena.educacion.navarra.es\/web\/pruebas-psicopedagogicas\/wp-json\/wp\/v2\/posts\/487"}],"collection":[{"href":"https:\/\/creena.educacion.navarra.es\/web\/pruebas-psicopedagogicas\/wp-json\/wp\/v2\/posts"}],"about":[{"href":"https:\/\/creena.educacion.navarra.es\/web\/pruebas-psicopedagogicas\/wp-json\/wp\/v2\/types\/post"}],"author":[{"embeddable":true,"href":"https:\/\/creena.educacion.navarra.es\/web\/pruebas-psicopedagogicas\/wp-json\/wp\/v2\/users\/1"}],"replies":[{"embeddable":true,"href":"https:\/\/creena.educacion.navarra.es\/web\/pruebas-psicopedagogicas\/wp-json\/wp\/v2\/comments?post=487"}],"version-history":[{"count":2,"href":"https:\/\/creena.educacion.navarra.es\/web\/pruebas-psicopedagogicas\/wp-json\/wp\/v2\/posts\/487\/revisions"}],"predecessor-version":[{"id":763,"href":"https:\/\/creena.educacion.navarra.es\/web\/pruebas-psicopedagogicas\/wp-json\/wp\/v2\/posts\/487\/revisions\/763"}],"wp:attachment":[{"href":"https:\/\/creena.educacion.navarra.es\/web\/pruebas-psicopedagogicas\/wp-json\/wp\/v2\/media?parent=487"}],"wp:term":[{"taxonomy":"category","embeddable":true,"href":"https:\/\/creena.educacion.navarra.es\/web\/pruebas-psicopedagogicas\/wp-json\/wp\/v2\/categories?post=487"},{"taxonomy":"post_tag","embeddable":true,"href":"https:\/\/creena.educacion.navarra.es\/web\/pruebas-psicopedagogicas\/wp-json\/wp\/v2\/tags?post=487"}],"curies":[{"name":"wp","href":"https:\/\/api.w.org\/{rel}","templated":true}]}}