{"id":596,"date":"2020-10-29T09:20:47","date_gmt":"2020-10-29T09:20:47","guid":{"rendered":"https:\/\/creena.educacion.navarra.es\/web\/pruebas-psicopedagogicas\/?p=596"},"modified":"2020-10-29T09:20:47","modified_gmt":"2020-10-29T09:20:47","slug":"dst-j","status":"publish","type":"post","link":"https:\/\/creena.educacion.navarra.es\/web\/pruebas-psicopedagogicas\/2020\/10\/29\/dst-j\/","title":{"rendered":"DST-J"},"content":{"rendered":"\n<div class=\"wp-block-image\"><figure class=\"aligncenter size-large\"><img loading=\"lazy\" width=\"136\" height=\"194\" src=\"https:\/\/creena.educacion.navarra.es\/web\/pruebas-psicopedagogicas\/wp-content\/uploads\/sites\/9\/2020\/10\/DST.gif\" alt=\"\" class=\"wp-image-609\"\/><\/figure><\/div>\n\n\n\n<p><span class=\"has-inline-color has-blue-color\">T\u00edtulo:<\/span> <strong>DST-J<\/strong>: Test para la Detecci\u00f3n de la Dislexia en Ni\u00f1os (A. J. Fawcett, R. I. Nicholson, 2010)<\/p>\n\n\n\n<p><span class=\"has-inline-color has-blue-color\">\u00c1mbitos Valorados. \u00cdndices y subescalas:<\/span> Prueba de screening para la detecci\u00f3n de ni\u00f1os que se encuentren en situaci\u00f3n de riesgo de fracaso en la lectura -12 pruebas:\u00a0<\/p>\n\n\n\n<ul><li>Nombres<\/li><li>Coordinaci\u00f3n<\/li><li>Lectura<\/li><li>Estabilidad postural<\/li><li>Segmentaci\u00f3n fon\u00e9mica<\/li><li>Rimas<\/li><li>Dictado<\/li><li>D\u00edgitos inversos<\/li><li>Lectura sin sentido<\/li><li>Copia<\/li><li>Fluidez verbal<\/li><li>Fluidez sem\u00e1ntica<\/li><li>Vocabulario<\/li><\/ul>\n\n\n\n<p><span class=\"has-inline-color has-blue-color\">Intervalos de edad:<\/span>  6 \u00bd\u00a0 &#8211; 11 \u00bd \u00a0a\u00f1os<\/p>\n\n\n\n<p><span class=\"has-inline-color has-blue-color\">Modalidad de aplicaci\u00f3n:<\/span> Individual<\/p>\n\n\n\n<p><span class=\"has-inline-color has-blue-color\">Tiempo de aplicaci\u00f3n:<\/span>  25`-45`<\/p>\n\n\n\n<p><span class=\"has-inline-color has-blue-color\">Observaciones:<\/span> Baremos espa\u00f1oles por grupos de edad<\/p>\n\n\n\n<p>\u00cdndice de Riesgo<\/p>\n\n\n\n<p>Puntuaciones Directas \/ Puntuaciones Centiles<\/p>\n\n\n\n<p><span class=\"has-inline-color has-blue-color\"><a href=\"http:\/\/web.teaediciones.com\/DST-J--TEST-PARA-LA-DETECCION-DE-LA-DISLEXIA-EN-NINOS.aspx\" target=\"_blank\" rel=\"noreferrer noopener\">MAS INFORMACI\u00d3N<\/a><\/span><\/p>\n","protected":false},"excerpt":{"rendered":"<p>T\u00edtulo: DST-J: Test para la Detecci\u00f3n de la Dislexia en Ni\u00f1os (A. J. Fawcett, R. I. Nicholson, 2010) \u00c1mbitos Valorados. \u00cdndices y subescalas: Prueba de screening para la detecci\u00f3n de ni\u00f1os que se encuentren en situaci\u00f3n de riesgo de fracaso &hellip; <a href=\"https:\/\/creena.educacion.navarra.es\/web\/pruebas-psicopedagogicas\/2020\/10\/29\/dst-j\/\">Sigue leyendo <span class=\"meta-nav\">&rarr;<\/span><\/a><\/p>\n","protected":false},"author":1,"featured_media":0,"comment_status":"closed","ping_status":"","sticky":false,"template":"","format":"standard","meta":[],"categories":[54,31],"tags":[],"_links":{"self":[{"href":"https:\/\/creena.educacion.navarra.es\/web\/pruebas-psicopedagogicas\/wp-json\/wp\/v2\/posts\/596"}],"collection":[{"href":"https:\/\/creena.educacion.navarra.es\/web\/pruebas-psicopedagogicas\/wp-json\/wp\/v2\/posts"}],"about":[{"href":"https:\/\/creena.educacion.navarra.es\/web\/pruebas-psicopedagogicas\/wp-json\/wp\/v2\/types\/post"}],"author":[{"embeddable":true,"href":"https:\/\/creena.educacion.navarra.es\/web\/pruebas-psicopedagogicas\/wp-json\/wp\/v2\/users\/1"}],"replies":[{"embeddable":true,"href":"https:\/\/creena.educacion.navarra.es\/web\/pruebas-psicopedagogicas\/wp-json\/wp\/v2\/comments?post=596"}],"version-history":[{"count":1,"href":"https:\/\/creena.educacion.navarra.es\/web\/pruebas-psicopedagogicas\/wp-json\/wp\/v2\/posts\/596\/revisions"}],"predecessor-version":[{"id":610,"href":"https:\/\/creena.educacion.navarra.es\/web\/pruebas-psicopedagogicas\/wp-json\/wp\/v2\/posts\/596\/revisions\/610"}],"wp:attachment":[{"href":"https:\/\/creena.educacion.navarra.es\/web\/pruebas-psicopedagogicas\/wp-json\/wp\/v2\/media?parent=596"}],"wp:term":[{"taxonomy":"category","embeddable":true,"href":"https:\/\/creena.educacion.navarra.es\/web\/pruebas-psicopedagogicas\/wp-json\/wp\/v2\/categories?post=596"},{"taxonomy":"post_tag","embeddable":true,"href":"https:\/\/creena.educacion.navarra.es\/web\/pruebas-psicopedagogicas\/wp-json\/wp\/v2\/tags?post=596"}],"curies":[{"name":"wp","href":"https:\/\/api.w.org\/{rel}","templated":true}]}}