{"id":599,"date":"2020-10-29T09:57:02","date_gmt":"2020-10-29T09:57:02","guid":{"rendered":"https:\/\/creena.educacion.navarra.es\/web\/pruebas-psicopedagogicas\/?p=599"},"modified":"2025-09-24T06:40:56","modified_gmt":"2025-09-24T06:40:56","slug":"evalec","status":"publish","type":"post","link":"https:\/\/creena.educacion.navarra.es\/web\/pruebas-psicopedagogicas\/2020\/10\/29\/evalec\/","title":{"rendered":"EVALEC"},"content":{"rendered":"\n<div class=\"wp-block-image\"><figure class=\"aligncenter size-large is-resized\"><img loading=\"lazy\" src=\"https:\/\/creena.educacion.navarra.es\/web\/pruebas-psicopedagogicas\/wp-content\/uploads\/sites\/9\/2020\/10\/evalec.jpg\" alt=\"\" class=\"wp-image-617\" width=\"161\" height=\"227\"\/><\/figure><\/div>\n\n\n\n<p><mark style=\"background-color:rgba(0, 0, 0, 0)\" class=\"has-inline-color has-blue-color\">T\u00edtulo:<\/mark> <strong>EVALEC Volumen <\/strong>Bater\u00eda para la evaluaci\u00f3n de la competencia lectora (Jes\u00fas Garc\u00eda Vidal\u00a0 2012)<\/p>\n\n\n\n<p><mark style=\"background-color:rgba(0, 0, 0, 0)\" class=\"has-inline-color has-blue-color\">\u00c1mbitos Valorados. \u00cdndices y subescalas:<\/mark> Evaluaci\u00f3n de la competencia lectora:<\/p>\n\n\n\n<ul><li>Eficiencia lectora<\/li><li>Eficacia Ling\u00fc\u00edstica<\/li><li>Velocidad de Nombrado<\/li><li>Lectura Visual<\/li><li>Comprensi\u00f3n de Enunciados<\/li><li>Reconocimiento Fonograf\u00e9mico<\/li><li>Habilidades Fonol\u00f3gicas y Velocidad de Nombrado<\/li><li>Habilidades Psicoling\u00fc\u00edsticas<\/li><li>Comprensi\u00f3n Lectora<\/li><li>Automatizaci\u00f3n de la Lectura y Autorregulaci\u00f3n Lectora.<\/li><\/ul>\n\n\n\n<p><mark style=\"background-color:rgba(0, 0, 0, 0)\" class=\"has-inline-color has-blue-color\">Intervalos de edad:<\/mark><\/p>\n\n\n\n<ul><li>Evalec 0:&nbsp;Finales 3\u00ba EI- Inicio 1\u00ba EP<\/li><li>Evalec 1: Finales 1\u00ba\u00ba EP- Inicio 2\u00ba EP<\/li><li>Evalec 2:&nbsp;Finales 2\u00ba EP- Inicio 3\u00ba EP<\/li><li>Evalec 3 Finales 3\u00ba EP- Inicio 4\u00ba EP<\/li><li>Evalec 4:&nbsp;Finales 4\u00ba EP- Inicio 5\u00ba EP<\/li><li>Evalec 5: Finales 5\u00ba EP- Inicio 6\u00ba EP<\/li><li>Evalec 6: &nbsp;Finales 6\u00ba EP- Inicio 1\u00ba ESO<\/li><li>Evalec 7: Finales 1\u00ba ESO- Inicio 2\u00ba ESO<\/li><li>Evalec 8 Finales 2\u00ba ESO- Inicio 3\u00ba ESO<\/li><\/ul>\n\n\n\n<p><mark style=\"background-color:rgba(0, 0, 0, 0)\" class=\"has-inline-color has-blue-color\">Modalidad de aplicaci\u00f3n:<\/mark> Individual o Colectiva<\/p>\n\n\n\n<p><mark style=\"background-color:rgba(0, 0, 0, 0)\" class=\"has-inline-color has-blue-color\">Tiempo de aplicaci\u00f3n:<\/mark> 40-50 minutos<\/p>\n\n\n\n<p><mark style=\"background-color:rgba(0, 0, 0, 0)\" class=\"has-inline-color has-blue-color\">Observaciones:<\/mark> Se obtienen las siguientes puntuaciones:<\/p>\n\n\n\n<ul><li>Puntuaci\u00f3n directa<\/li><li>Puntuaci\u00f3n centil<\/li><li>Media-Desviaci\u00f3n t\u00edpica<\/li><li>Indicadores de dificultad <\/li><\/ul>\n\n\n\n<p>Se puede corregir de forma manual o via Online por usos<\/p>\n\n\n\n<p><mark style=\"background-color:rgba(0, 0, 0, 0)\" class=\"has-inline-color has-blue-color\"><a href=\"https:\/\/www.giuntipsy.es\/bateria-psicopedagogica-evalec.html\" target=\"_blank\" rel=\"noreferrer noopener\">INFORMACI\u00d3N<\/a><\/mark><\/p>\n","protected":false},"excerpt":{"rendered":"<p>T\u00edtulo: EVALEC Volumen Bater\u00eda para la evaluaci\u00f3n de la competencia lectora (Jes\u00fas Garc\u00eda Vidal\u00a0 2012) \u00c1mbitos Valorados. \u00cdndices y subescalas: Evaluaci\u00f3n de la competencia lectora: Eficiencia lectora Eficacia Ling\u00fc\u00edstica Velocidad de Nombrado Lectura Visual Comprensi\u00f3n de Enunciados Reconocimiento Fonograf\u00e9mico Habilidades &hellip; <a href=\"https:\/\/creena.educacion.navarra.es\/web\/pruebas-psicopedagogicas\/2020\/10\/29\/evalec\/\">Sigue leyendo <span class=\"meta-nav\">&rarr;<\/span><\/a><\/p>\n","protected":false},"author":1,"featured_media":0,"comment_status":"closed","ping_status":"closed","sticky":false,"template":"","format":"standard","meta":[],"categories":[22],"tags":[],"_links":{"self":[{"href":"https:\/\/creena.educacion.navarra.es\/web\/pruebas-psicopedagogicas\/wp-json\/wp\/v2\/posts\/599"}],"collection":[{"href":"https:\/\/creena.educacion.navarra.es\/web\/pruebas-psicopedagogicas\/wp-json\/wp\/v2\/posts"}],"about":[{"href":"https:\/\/creena.educacion.navarra.es\/web\/pruebas-psicopedagogicas\/wp-json\/wp\/v2\/types\/post"}],"author":[{"embeddable":true,"href":"https:\/\/creena.educacion.navarra.es\/web\/pruebas-psicopedagogicas\/wp-json\/wp\/v2\/users\/1"}],"replies":[{"embeddable":true,"href":"https:\/\/creena.educacion.navarra.es\/web\/pruebas-psicopedagogicas\/wp-json\/wp\/v2\/comments?post=599"}],"version-history":[{"count":3,"href":"https:\/\/creena.educacion.navarra.es\/web\/pruebas-psicopedagogicas\/wp-json\/wp\/v2\/posts\/599\/revisions"}],"predecessor-version":[{"id":1380,"href":"https:\/\/creena.educacion.navarra.es\/web\/pruebas-psicopedagogicas\/wp-json\/wp\/v2\/posts\/599\/revisions\/1380"}],"wp:attachment":[{"href":"https:\/\/creena.educacion.navarra.es\/web\/pruebas-psicopedagogicas\/wp-json\/wp\/v2\/media?parent=599"}],"wp:term":[{"taxonomy":"category","embeddable":true,"href":"https:\/\/creena.educacion.navarra.es\/web\/pruebas-psicopedagogicas\/wp-json\/wp\/v2\/categories?post=599"},{"taxonomy":"post_tag","embeddable":true,"href":"https:\/\/creena.educacion.navarra.es\/web\/pruebas-psicopedagogicas\/wp-json\/wp\/v2\/tags?post=599"}],"curies":[{"name":"wp","href":"https:\/\/api.w.org\/{rel}","templated":true}]}}