{"id":681,"date":"2020-11-06T10:40:06","date_gmt":"2020-11-06T10:40:06","guid":{"rendered":"https:\/\/creena.educacion.navarra.es\/web\/pruebas-psicopedagogicas\/?p=681"},"modified":"2020-11-06T10:40:06","modified_gmt":"2020-11-06T10:40:06","slug":"thm","status":"publish","type":"post","link":"https:\/\/creena.educacion.navarra.es\/web\/pruebas-psicopedagogicas\/2020\/11\/06\/thm\/","title":{"rendered":"THM"},"content":{"rendered":"\n<div class=\"wp-block-image\"><figure class=\"aligncenter size-large is-resized\"><img loading=\"lazy\" src=\"https:\/\/creena.educacion.navarra.es\/web\/pruebas-psicopedagogicas\/wp-content\/uploads\/sites\/9\/2020\/11\/thm.jpeg\" alt=\"\" class=\"wp-image-688\" width=\"184\" height=\"184\" srcset=\"https:\/\/creena.educacion.navarra.es\/web\/pruebas-psicopedagogicas\/wp-content\/uploads\/sites\/9\/2020\/11\/thm.jpeg 600w, https:\/\/creena.educacion.navarra.es\/web\/pruebas-psicopedagogicas\/wp-content\/uploads\/sites\/9\/2020\/11\/thm-300x300.jpeg 300w, https:\/\/creena.educacion.navarra.es\/web\/pruebas-psicopedagogicas\/wp-content\/uploads\/sites\/9\/2020\/11\/thm-150x150.jpeg 150w\" sizes=\"(max-width: 184px) 100vw, 184px\" \/><\/figure><\/div>\n\n\n\n<p><span class=\"has-inline-color has-blue-color\">T\u00edtulo:<\/span> <strong>THM<\/strong>. Test de habilidades metaling\u00fc\u00edsticas (G\u00f3mez, P., Valero. I., Buades, R. y P\u00e9rez, A, 1995)<\/p>\n\n\n\n<p><span class=\"has-inline-color has-blue-color\">\u00c1mbitos Valorados. \u00cdndices y subescalas:<\/span> Tiene como objetivo la valoraci\u00f3n de las habilidades metaling\u00fc\u00edsticas:<\/p>\n\n\n\n<ul><li>Segmentaci\u00f3n sil\u00e1bica<\/li><li>Supresi\u00f3n sil\u00e1bica<\/li><li>Detecci\u00f3n de rimas<\/li><li>Adici\u00f3n sil\u00e1bica<\/li><li>Aislar fonemas<\/li><li>Unir fonemas<\/li><li>Contar fonemas<\/li><\/ul>\n\n\n\n<p><span class=\"has-inline-color has-blue-color\">Intervalos de edad:<\/span> 4 &#8211; 7 a\u00f1os que cursen 3\u00ba de Educaci\u00f3n Infantil y Primer Ciclo Educaci\u00f3n Primaria<\/p>\n\n\n\n<p><span class=\"has-inline-color has-blue-color\">Modalidad de aplicaci\u00f3n:<\/span> Individual<\/p>\n\n\n\n<p><span class=\"has-inline-color has-blue-color\">Tiempo de aplicaci\u00f3n:<\/span> 30` Aprox<\/p>\n\n\n\n<p><span class=\"has-inline-color has-blue-color\">Observaciones:<\/span> Puntuaci\u00f3n global obtenida por el alumno<\/p>\n\n\n\n<p><span class=\"has-inline-color has-blue-color\"><a href=\"https:\/\/www.giuntipsy.es\/thm-test-de-habilidades-metalinguisticas-2400g.html\" target=\"_blank\" rel=\"noreferrer noopener\">INFORMACI\u00d3N<\/a><\/span><\/p>\n","protected":false},"excerpt":{"rendered":"<p>T\u00edtulo: THM. Test de habilidades metaling\u00fc\u00edsticas (G\u00f3mez, P., Valero. I., Buades, R. y P\u00e9rez, A, 1995) \u00c1mbitos Valorados. \u00cdndices y subescalas: Tiene como objetivo la valoraci\u00f3n de las habilidades metaling\u00fc\u00edsticas: Segmentaci\u00f3n sil\u00e1bica Supresi\u00f3n sil\u00e1bica Detecci\u00f3n de rimas Adici\u00f3n sil\u00e1bica Aislar &hellip; <a href=\"https:\/\/creena.educacion.navarra.es\/web\/pruebas-psicopedagogicas\/2020\/11\/06\/thm\/\">Sigue leyendo <span class=\"meta-nav\">&rarr;<\/span><\/a><\/p>\n","protected":false},"author":1,"featured_media":0,"comment_status":"closed","ping_status":"","sticky":false,"template":"","format":"standard","meta":[],"categories":[56],"tags":[],"_links":{"self":[{"href":"https:\/\/creena.educacion.navarra.es\/web\/pruebas-psicopedagogicas\/wp-json\/wp\/v2\/posts\/681"}],"collection":[{"href":"https:\/\/creena.educacion.navarra.es\/web\/pruebas-psicopedagogicas\/wp-json\/wp\/v2\/posts"}],"about":[{"href":"https:\/\/creena.educacion.navarra.es\/web\/pruebas-psicopedagogicas\/wp-json\/wp\/v2\/types\/post"}],"author":[{"embeddable":true,"href":"https:\/\/creena.educacion.navarra.es\/web\/pruebas-psicopedagogicas\/wp-json\/wp\/v2\/users\/1"}],"replies":[{"embeddable":true,"href":"https:\/\/creena.educacion.navarra.es\/web\/pruebas-psicopedagogicas\/wp-json\/wp\/v2\/comments?post=681"}],"version-history":[{"count":1,"href":"https:\/\/creena.educacion.navarra.es\/web\/pruebas-psicopedagogicas\/wp-json\/wp\/v2\/posts\/681\/revisions"}],"predecessor-version":[{"id":689,"href":"https:\/\/creena.educacion.navarra.es\/web\/pruebas-psicopedagogicas\/wp-json\/wp\/v2\/posts\/681\/revisions\/689"}],"wp:attachment":[{"href":"https:\/\/creena.educacion.navarra.es\/web\/pruebas-psicopedagogicas\/wp-json\/wp\/v2\/media?parent=681"}],"wp:term":[{"taxonomy":"category","embeddable":true,"href":"https:\/\/creena.educacion.navarra.es\/web\/pruebas-psicopedagogicas\/wp-json\/wp\/v2\/categories?post=681"},{"taxonomy":"post_tag","embeddable":true,"href":"https:\/\/creena.educacion.navarra.es\/web\/pruebas-psicopedagogicas\/wp-json\/wp\/v2\/tags?post=681"}],"curies":[{"name":"wp","href":"https:\/\/api.w.org\/{rel}","templated":true}]}}