{"id":683,"date":"2020-11-06T12:42:38","date_gmt":"2020-11-06T12:42:38","guid":{"rendered":"https:\/\/creena.educacion.navarra.es\/web\/pruebas-psicopedagogicas\/?p=683"},"modified":"2020-11-06T12:42:38","modified_gmt":"2020-11-06T12:42:38","slug":"elo","status":"publish","type":"post","link":"https:\/\/creena.educacion.navarra.es\/web\/pruebas-psicopedagogicas\/2020\/11\/06\/elo\/","title":{"rendered":"ELO"},"content":{"rendered":"\n<div class=\"wp-block-image\"><figure class=\"aligncenter size-large\"><img loading=\"lazy\" width=\"172\" height=\"250\" src=\"https:\/\/creena.educacion.navarra.es\/web\/pruebas-psicopedagogicas\/wp-content\/uploads\/sites\/9\/2020\/11\/elo.jpg\" alt=\"\" class=\"wp-image-695\"\/><\/figure><\/div>\n\n\n\n<p><span class=\"has-inline-color has-blue-color\">T\u00edtulo:<\/span> <strong>ELO<\/strong>. Prueba para la evaluaci\u00f3n del lenguaje oral. (Ramos S\u00e1nchez, J.L, 2008)<\/p>\n\n\n\n<p><span class=\"has-inline-color has-blue-color\">\u00c1mbitos Valorados. \u00cdndices y subescalas:<\/span>Tiene como objetivo la evaluaci\u00f3n de los aspectos m\u00e1s importantes del lenguaje oral. Valora estos aspectos:<\/p>\n\n\n\n<ul><li>Discriminaci\u00f3n auditiva de fonemas<\/li><li>Aspectos fonol\u00f3gicos<\/li><li>Aspectos sem\u00e1nticos<\/li><li>Aspectos sint\u00e1cticos<\/li><\/ul>\n\n\n\n<p><span class=\"has-inline-color has-blue-color\">Intervalos de edad:<\/span> 4 \u2013 8 a\u00f1os<\/p>\n\n\n\n<p><span class=\"has-inline-color has-blue-color\">Modalidad de aplicaci\u00f3n:<\/span> Individual<\/p>\n\n\n\n<p><span class=\"has-inline-color has-blue-color\">Tiempo de aplicaci\u00f3n:<\/span> 20`<\/p>\n\n\n\n<p><span class=\"has-inline-color has-blue-color\">Observaciones:<\/span> Puntuaci\u00f3n Directas \/ Puntuaciones Centiles\/ Grupos Centiles e interpretaci\u00f3n<\/p>\n\n\n\n<p><span class=\"has-inline-color has-blue-color\"><a rel=\"noreferrer noopener\" href=\"http:\/\/2.136.7.84\/TESTS\/TNeurologicos.html\" target=\"_blank\">INFORMACI\u00d3N<\/a><\/span><\/p>\n","protected":false},"excerpt":{"rendered":"<p>T\u00edtulo: ELO. Prueba para la evaluaci\u00f3n del lenguaje oral. (Ramos S\u00e1nchez, J.L, 2008) \u00c1mbitos Valorados. \u00cdndices y subescalas:Tiene como objetivo la evaluaci\u00f3n de los aspectos m\u00e1s importantes del lenguaje oral. Valora estos aspectos: Discriminaci\u00f3n auditiva de fonemas Aspectos fonol\u00f3gicos Aspectos &hellip; <a href=\"https:\/\/creena.educacion.navarra.es\/web\/pruebas-psicopedagogicas\/2020\/11\/06\/elo\/\">Sigue leyendo <span class=\"meta-nav\">&rarr;<\/span><\/a><\/p>\n","protected":false},"author":1,"featured_media":0,"comment_status":"closed","ping_status":"","sticky":false,"template":"","format":"standard","meta":[],"categories":[33,32,35,34],"tags":[],"_links":{"self":[{"href":"https:\/\/creena.educacion.navarra.es\/web\/pruebas-psicopedagogicas\/wp-json\/wp\/v2\/posts\/683"}],"collection":[{"href":"https:\/\/creena.educacion.navarra.es\/web\/pruebas-psicopedagogicas\/wp-json\/wp\/v2\/posts"}],"about":[{"href":"https:\/\/creena.educacion.navarra.es\/web\/pruebas-psicopedagogicas\/wp-json\/wp\/v2\/types\/post"}],"author":[{"embeddable":true,"href":"https:\/\/creena.educacion.navarra.es\/web\/pruebas-psicopedagogicas\/wp-json\/wp\/v2\/users\/1"}],"replies":[{"embeddable":true,"href":"https:\/\/creena.educacion.navarra.es\/web\/pruebas-psicopedagogicas\/wp-json\/wp\/v2\/comments?post=683"}],"version-history":[{"count":1,"href":"https:\/\/creena.educacion.navarra.es\/web\/pruebas-psicopedagogicas\/wp-json\/wp\/v2\/posts\/683\/revisions"}],"predecessor-version":[{"id":696,"href":"https:\/\/creena.educacion.navarra.es\/web\/pruebas-psicopedagogicas\/wp-json\/wp\/v2\/posts\/683\/revisions\/696"}],"wp:attachment":[{"href":"https:\/\/creena.educacion.navarra.es\/web\/pruebas-psicopedagogicas\/wp-json\/wp\/v2\/media?parent=683"}],"wp:term":[{"taxonomy":"category","embeddable":true,"href":"https:\/\/creena.educacion.navarra.es\/web\/pruebas-psicopedagogicas\/wp-json\/wp\/v2\/categories?post=683"},{"taxonomy":"post_tag","embeddable":true,"href":"https:\/\/creena.educacion.navarra.es\/web\/pruebas-psicopedagogicas\/wp-json\/wp\/v2\/tags?post=683"}],"curies":[{"name":"wp","href":"https:\/\/api.w.org\/{rel}","templated":true}]}}