{"id":76,"date":"2020-10-20T08:45:08","date_gmt":"2020-10-20T08:45:08","guid":{"rendered":"https:\/\/creena.educacion.navarra.es\/web\/pruebas-psicopedagogicas\/?p=76"},"modified":"2023-11-07T12:30:27","modified_gmt":"2023-11-07T12:30:27","slug":"cecad","status":"publish","type":"post","link":"https:\/\/creena.educacion.navarra.es\/web\/pruebas-psicopedagogicas\/2020\/10\/20\/cecad\/","title":{"rendered":"CECAD"},"content":{"rendered":"\n<figure class=\"wp-block-image size-large is-resized\"><img loading=\"lazy\" src=\"https:\/\/creena.educacion.navarra.es\/web\/pruebas-psicopedagogicas\/wp-content\/uploads\/sites\/9\/2020\/10\/CECAD.png\" alt=\"\" class=\"wp-image-77\" width=\"165\" height=\"234\"\/><\/figure>\n\n\n\n<p><mark style=\"background-color:rgba(0, 0, 0, 0)\" class=\"has-inline-color has-blue-color\">T\u00edtulo:<\/mark> <strong>CECAD<\/strong>. Cuestionario Educativo-Cl\u00ednico: Ansiedad y Depresi\u00f3n (L. Lozano, E. Garc\u00eda Cueto y L. M. Lozano, 2007)<\/p>\n\n\n\n<p><mark style=\"background-color:rgba(0, 0, 0, 0)\" class=\"has-inline-color has-blue-color\">Correcci\u00f3n<\/mark>: online<\/p>\n\n\n\n<p><mark style=\"background-color:rgba(0, 0, 0, 0)\" class=\"has-inline-color has-blue-color\">\u00c1mbitos Valorados. \u00cdndices y subescalas:<\/mark> Evaluaci\u00f3n global de la ansiedad, la depresi\u00f3n y cuatro aspectos relacionados: inutilidad, irritabilidad, pensamientos autom\u00e1ticos y s\u00edntomas psicofisiol\u00f3gicos<\/p>\n\n\n\n<p><mark style=\"background-color:rgba(0, 0, 0, 0)\" class=\"has-inline-color has-blue-color\">Intervalos de edad:<\/mark> A partir de 7 a\u00f1os<\/p>\n\n\n\n<p><mark style=\"background-color:rgba(0, 0, 0, 0)\" class=\"has-inline-color has-blue-color\">Modalidad de aplicaci\u00f3n:<\/mark> Individual y colectiva<\/p>\n\n\n\n<p><mark style=\"background-color:rgba(0, 0, 0, 0)\" class=\"has-inline-color has-blue-color\">Tiempo de aplicaci\u00f3n:<\/mark>  10` &#8211; 20`<\/p>\n\n\n\n<p><mark style=\"background-color:rgba(0, 0, 0, 0)\" class=\"has-inline-color has-blue-color\">Observaciones:<\/mark> Puntuaciones Directas. Puntuaciones T\u00edpicas Correcci\u00f3n . <\/p>\n\n\n\n<p>Online (Teacorrige)<\/p>\n\n\n\n<p><mark style=\"background-color:rgba(0, 0, 0, 0)\" class=\"has-inline-color has-blue-color\">MAS INFORMACI\u00d3N<\/mark><\/p>\n","protected":false},"excerpt":{"rendered":"<p>T\u00edtulo: CECAD. Cuestionario Educativo-Cl\u00ednico: Ansiedad y Depresi\u00f3n (L. Lozano, E. Garc\u00eda Cueto y L. M. Lozano, 2007) Correcci\u00f3n: online \u00c1mbitos Valorados. \u00cdndices y subescalas: Evaluaci\u00f3n global de la ansiedad, la depresi\u00f3n y cuatro aspectos relacionados: inutilidad, irritabilidad, pensamientos autom\u00e1ticos y &hellip; <a href=\"https:\/\/creena.educacion.navarra.es\/web\/pruebas-psicopedagogicas\/2020\/10\/20\/cecad\/\">Sigue leyendo <span class=\"meta-nav\">&rarr;<\/span><\/a><\/p>\n","protected":false},"author":1,"featured_media":0,"comment_status":"closed","ping_status":"closed","sticky":false,"template":"","format":"standard","meta":[],"categories":[5,8],"tags":[],"_links":{"self":[{"href":"https:\/\/creena.educacion.navarra.es\/web\/pruebas-psicopedagogicas\/wp-json\/wp\/v2\/posts\/76"}],"collection":[{"href":"https:\/\/creena.educacion.navarra.es\/web\/pruebas-psicopedagogicas\/wp-json\/wp\/v2\/posts"}],"about":[{"href":"https:\/\/creena.educacion.navarra.es\/web\/pruebas-psicopedagogicas\/wp-json\/wp\/v2\/types\/post"}],"author":[{"embeddable":true,"href":"https:\/\/creena.educacion.navarra.es\/web\/pruebas-psicopedagogicas\/wp-json\/wp\/v2\/users\/1"}],"replies":[{"embeddable":true,"href":"https:\/\/creena.educacion.navarra.es\/web\/pruebas-psicopedagogicas\/wp-json\/wp\/v2\/comments?post=76"}],"version-history":[{"count":2,"href":"https:\/\/creena.educacion.navarra.es\/web\/pruebas-psicopedagogicas\/wp-json\/wp\/v2\/posts\/76\/revisions"}],"predecessor-version":[{"id":1264,"href":"https:\/\/creena.educacion.navarra.es\/web\/pruebas-psicopedagogicas\/wp-json\/wp\/v2\/posts\/76\/revisions\/1264"}],"wp:attachment":[{"href":"https:\/\/creena.educacion.navarra.es\/web\/pruebas-psicopedagogicas\/wp-json\/wp\/v2\/media?parent=76"}],"wp:term":[{"taxonomy":"category","embeddable":true,"href":"https:\/\/creena.educacion.navarra.es\/web\/pruebas-psicopedagogicas\/wp-json\/wp\/v2\/categories?post=76"},{"taxonomy":"post_tag","embeddable":true,"href":"https:\/\/creena.educacion.navarra.es\/web\/pruebas-psicopedagogicas\/wp-json\/wp\/v2\/tags?post=76"}],"curies":[{"name":"wp","href":"https:\/\/api.w.org\/{rel}","templated":true}]}}