{"id":791,"date":"2020-11-20T09:09:48","date_gmt":"2020-11-20T09:09:48","guid":{"rendered":"https:\/\/creena.educacion.navarra.es\/web\/pruebas-psicopedagogicas\/?p=791"},"modified":"2020-11-20T09:09:48","modified_gmt":"2020-11-20T09:09:48","slug":"ela-r","status":"publish","type":"post","link":"https:\/\/creena.educacion.navarra.es\/web\/pruebas-psicopedagogicas\/2020\/11\/20\/ela-r\/","title":{"rendered":"ELA-R"},"content":{"rendered":"\n<div class=\"wp-block-image\"><figure class=\"aligncenter size-large is-resized\"><img loading=\"lazy\" src=\"https:\/\/creena.educacion.navarra.es\/web\/pruebas-psicopedagogicas\/wp-content\/uploads\/sites\/9\/2020\/11\/ela.jpg\" alt=\"\" class=\"wp-image-820\" width=\"241\" height=\"180\" srcset=\"https:\/\/creena.educacion.navarra.es\/web\/pruebas-psicopedagogicas\/wp-content\/uploads\/sites\/9\/2020\/11\/ela.jpg 960w, https:\/\/creena.educacion.navarra.es\/web\/pruebas-psicopedagogicas\/wp-content\/uploads\/sites\/9\/2020\/11\/ela-300x225.jpg 300w, https:\/\/creena.educacion.navarra.es\/web\/pruebas-psicopedagogicas\/wp-content\/uploads\/sites\/9\/2020\/11\/ela-768x576.jpg 768w\" sizes=\"(max-width: 241px) 100vw, 241px\" \/><\/figure><\/div>\n\n\n\n<p><span class=\"has-inline-color has-blue-color\">T\u00edtulo:<\/span> <strong>ELA-R<\/strong> Examen Logop\u00e9dico de Articulaci\u00f3n (revisado) (1999)<\/p>\n\n\n\n<p><span class=\"has-inline-color has-blue-color\">\u00c1mbitos Valorados. \u00cdndices y subescalas:<\/span> Evaluaci\u00f3n del grado de dominio de los diferentes fonemas del castellano en sus tres modalidades: lenguaje repetido, lenguaje dirigido y lenguaje espont\u00e1neo<\/p>\n\n\n\n<p><span class=\"has-inline-color has-blue-color\">Intervalos de edad:<\/span>  A partir de 2 a\u00f1os<\/p>\n\n\n\n<p><span class=\"has-inline-color has-blue-color\">Modalidad de aplicaci\u00f3n:<\/span> Individual<\/p>\n\n\n\n<p><span class=\"has-inline-color has-blue-color\">Tiempo de aplicaci\u00f3n:<\/span> 15` &#8211; 25`<\/p>\n\n\n\n<p><span class=\"has-inline-color has-blue-color\">Observaciones:<\/span> Muestra de alumnos\/as de Educaci\u00f3n Infantil y Educaci\u00f3n Primaria<\/p>\n\n\n\n<p><\/p>\n","protected":false},"excerpt":{"rendered":"<p>T\u00edtulo: ELA-R Examen Logop\u00e9dico de Articulaci\u00f3n (revisado) (1999) \u00c1mbitos Valorados. \u00cdndices y subescalas: Evaluaci\u00f3n del grado de dominio de los diferentes fonemas del castellano en sus tres modalidades: lenguaje repetido, lenguaje dirigido y lenguaje espont\u00e1neo Intervalos de edad: A partir &hellip; <a href=\"https:\/\/creena.educacion.navarra.es\/web\/pruebas-psicopedagogicas\/2020\/11\/20\/ela-r\/\">Sigue leyendo <span class=\"meta-nav\">&rarr;<\/span><\/a><\/p>\n","protected":false},"author":1,"featured_media":0,"comment_status":"closed","ping_status":"","sticky":false,"template":"","format":"standard","meta":[],"categories":[33],"tags":[],"_links":{"self":[{"href":"https:\/\/creena.educacion.navarra.es\/web\/pruebas-psicopedagogicas\/wp-json\/wp\/v2\/posts\/791"}],"collection":[{"href":"https:\/\/creena.educacion.navarra.es\/web\/pruebas-psicopedagogicas\/wp-json\/wp\/v2\/posts"}],"about":[{"href":"https:\/\/creena.educacion.navarra.es\/web\/pruebas-psicopedagogicas\/wp-json\/wp\/v2\/types\/post"}],"author":[{"embeddable":true,"href":"https:\/\/creena.educacion.navarra.es\/web\/pruebas-psicopedagogicas\/wp-json\/wp\/v2\/users\/1"}],"replies":[{"embeddable":true,"href":"https:\/\/creena.educacion.navarra.es\/web\/pruebas-psicopedagogicas\/wp-json\/wp\/v2\/comments?post=791"}],"version-history":[{"count":1,"href":"https:\/\/creena.educacion.navarra.es\/web\/pruebas-psicopedagogicas\/wp-json\/wp\/v2\/posts\/791\/revisions"}],"predecessor-version":[{"id":821,"href":"https:\/\/creena.educacion.navarra.es\/web\/pruebas-psicopedagogicas\/wp-json\/wp\/v2\/posts\/791\/revisions\/821"}],"wp:attachment":[{"href":"https:\/\/creena.educacion.navarra.es\/web\/pruebas-psicopedagogicas\/wp-json\/wp\/v2\/media?parent=791"}],"wp:term":[{"taxonomy":"category","embeddable":true,"href":"https:\/\/creena.educacion.navarra.es\/web\/pruebas-psicopedagogicas\/wp-json\/wp\/v2\/categories?post=791"},{"taxonomy":"post_tag","embeddable":true,"href":"https:\/\/creena.educacion.navarra.es\/web\/pruebas-psicopedagogicas\/wp-json\/wp\/v2\/tags?post=791"}],"curies":[{"name":"wp","href":"https:\/\/api.w.org\/{rel}","templated":true}]}}